{"id":7397,"date":"2015-04-04T08:21:15","date_gmt":"2015-04-04T06:21:15","guid":{"rendered":"http:\/\/niecodziennosc.kubic.info\/index.php\/2015\/04\/04\/rozmowy-rodzinne\/"},"modified":"2019-05-05T01:42:10","modified_gmt":"2019-05-04T23:42:10","slug":"rozmowy-rodzinne","status":"publish","type":"post","link":"http:\/\/niecodziennosc.kubic.info\/?p=7397","title":{"rendered":"Rozmowy rodzinne"},"content":{"rendered":"<p>Beniamin:<\/p>\n<p>&#8211; Tata, kiedy b\u0119dziemy gra\u0107 w pi\u0142k\u0119??<br \/>&#8211; Nie teraz &#8211; odpowiadam &#8211; teraz robi\u0119 zdj\u0119cie.<br \/>&#8211; To kiedy b\u0119dziemy gra\u0107?<br \/>&#8211; Jak dojd\u0119 do \u015bciany. To znaczy&#8230;. Musz\u0119 sprawdzi\u0107 wszystkie pomys\u0142y i wszystkie w\u0105tpliwo\u015bci, jakie mi przysz\u0142y do g\u0142owy. Kiedy nie b\u0119d\u0119 wiedzia\u0142, co dalej robi\u0107, wtedy zagramy.<br \/>&#8211; Tata, ale to b\u0119dziesz robi\u0142 ca\u0142e dnie, bo ty jeste\u015b taki m\u0105dry &#8211; j\u0119kn\u0105\u0142 z rozczarowaniem.<br \/>&#8211; W\u0142a\u015bnie nie. Zaraz mi si\u0119 sko\u0144czy natchnienie.<\/p>\n<p>&#8211; Tata, traktuj to, co powiedzia\u0142 Beni, jako komplement &#8211; zaproponowa\u0142a Sara.<br \/>&#8211; A! Dzi\u0119kuj\u0119! \u015awietna rozmowa, musz\u0119 j\u0105 opisa\u0107 na blogu.<\/p>\n<p>Na to Beni:<br \/>&#8211; Ojej, szkoda, \u017ce powiedzia\u0142em ten komplement&#8230;<br \/>&#8211; Nie nie, bardzo dobrze, \u015bwietnie! &#8211; odpar\u0142em szybko &#8211; Tylko musz\u0119 zapisa\u0107 teraz, bo zaraz zapomn\u0119.<br \/>&#8211; To zapomnij! Bo kiedy b\u0119dziemy gra\u0107??<br \/>&#8211; Oj, ju\u017c zapomnia\u0142em&#8230; Przypomnijcie mi! Jak to by\u0142o? &#8211; rzuci\u0142em w stron\u0119 dzieci, otwieraj\u0105c komputer.<br \/>&#8211; Ja ci nie powiem &#8211; zdecydowa\u0142 Beni.<br \/>&#8211; Ja chyba te\u017c zapomnia\u0142am&#8230; &#8211; zamy\u015bli\u0142a si\u0119 Sara.<br \/>&#8211; I to b\u0119dzie bardzo dobre \u0107wiczenie literackie! &#8211; zdecydowa\u0142em. Wyci\u0105gn\u0105\u0142em r\u0119ce nad klawiatur\u0119 i zacz\u0105\u0142em pisa\u0107&#8230;<\/p>\n<p>&#65279;<img fetchpriority=\"high\" decoding=\"async\" src=\"wp-content\/uploads\/2019\/03\/dzeciczytaja_F1A3402.jpg\" alt=\"Dzieci czytaj\u0105\" width=\"500\" height=\"333\" \/><\/p>\n","protected":false},"excerpt":{"rendered":"<p>Beniamin:<\/p>\n<p> &#8230;<\/p>\n","protected":false},"author":1,"featured_media":0,"comment_status":"open","ping_status":"open","sticky":false,"template":"","format":"standard","meta":{"footnotes":""},"categories":[118,909],"tags":[373,435,38,638],"_links":{"self":[{"href":"http:\/\/niecodziennosc.kubic.info\/index.php?rest_route=\/wp\/v2\/posts\/7397"}],"collection":[{"href":"http:\/\/niecodziennosc.kubic.info\/index.php?rest_route=\/wp\/v2\/posts"}],"about":[{"href":"http:\/\/niecodziennosc.kubic.info\/index.php?rest_route=\/wp\/v2\/types\/post"}],"author":[{"embeddable":true,"href":"http:\/\/niecodziennosc.kubic.info\/index.php?rest_route=\/wp\/v2\/users\/1"}],"replies":[{"embeddable":true,"href":"http:\/\/niecodziennosc.kubic.info\/index.php?rest_route=%2Fwp%2Fv2%2Fcomments&post=7397"}],"version-history":[{"count":1,"href":"http:\/\/niecodziennosc.kubic.info\/index.php?rest_route=\/wp\/v2\/posts\/7397\/revisions"}],"predecessor-version":[{"id":8947,"href":"http:\/\/niecodziennosc.kubic.info\/index.php?rest_route=\/wp\/v2\/posts\/7397\/revisions\/8947"}],"wp:attachment":[{"href":"http:\/\/niecodziennosc.kubic.info\/index.php?rest_route=%2Fwp%2Fv2%2Fmedia&parent=7397"}],"wp:term":[{"taxonomy":"category","embeddable":true,"href":"http:\/\/niecodziennosc.kubic.info\/index.php?rest_route=%2Fwp%2Fv2%2Fcategories&post=7397"},{"taxonomy":"post_tag","embeddable":true,"href":"http:\/\/niecodziennosc.kubic.info\/index.php?rest_route=%2Fwp%2Fv2%2Ftags&post=7397"}],"curies":[{"name":"wp","href":"https:\/\/api.w.org\/{rel}","templated":true}]}}