{"id":7398,"date":"2015-04-04T00:59:41","date_gmt":"2015-04-03T22:59:41","guid":{"rendered":"http:\/\/niecodziennosc.kubic.info\/index.php\/2015\/04\/04\/nie-skladam-wam-zyczen\/"},"modified":"2015-04-04T00:59:41","modified_gmt":"2015-04-03T22:59:41","slug":"nie-skladam-wam-zyczen","status":"publish","type":"post","link":"http:\/\/niecodziennosc.kubic.info\/?p=7398","title":{"rendered":"Nie sk\u0142adam Wam \u017cycze\u0144"},"content":{"rendered":"<p>\u015awi\u0119ta takie ja te zas\u0142uguj\u0105 na szczeg\u00f3lne \u017cyczenia. A z tymi jest problem. Bo jak, po czterdziestu kilku razach sk\u0142adania \u017cycze\u0144, sformu\u0142owa\u0107 jeszcze co\u015b szczeg\u00f3lnego?<\/p>\n<p>Ot\u00f3\u017c da si\u0119. Lecz nie na szerokim forum. Na to trzeba g\u0142\u0119bszej refleksji, kt\u00f3rej nie da si\u0119 wymy\u015bli\u0107 w pi\u0119\u0107 minut. Trzeba rozmowy z przyjacielem, szczerej, a jej przebieg trudno przewidzie\u0107 przed rozpocz\u0119ciem. M\u00f3g\u0142bym porozmawia\u0107 z ka\u017cdym z Was, je\u015bli tylko chcieliby\u015bcie, i jestem pewien, \u017ce by\u0142aby to ciekawa rozmowa. <\/p>\n<p>Za\u015b g\u0142\u0119bszej refleksji nie mo\u017cna prze\u0142o\u017cy\u0107 na obrazek z jajeczkami i kurczaczkiem. Zreszt\u0105 rozsy\u0142anie tego samego obrazka do wszystkich znajomych graniczy z uw\u0142aczaniem im. Nie m\u00f3wi\u0105c o uw\u0142aczaniu samemu \u015awi\u0119tu. Jakby nie patrze\u0107 &#8211; sk\u0142adanie \u017cycze\u0144 na forum to co najwy\u017cej kurtuazja.<\/p>\n<p>\u015awi\u0119ta Wielkanocne to co\u015b bardzo wewn\u0119trznego, o wiele bardziej, ni\u017c te grudniowe. Tam jest tylko rado\u015b\u0107, tutaj &#8211; przede wszystkim dramat, a potem rado\u015b\u0107. Rado\u015b\u0107 wygl\u0105da inaczej, kiedy zostaje poprzedzona tragedi\u0105, poczuciem bezsilno\u015bci, zniewag\u0105. A potem, gdy uda si\u0119 powsta\u0107, ale bez ch\u0119ci zemsty. Tak jak u Hioba. Istota \u015awi\u0105t Wielkanocnych przechodzi ci\u0105gle moj\u0105 zdolno\u015b\u0107 pojmowania. Mimo, \u017ce od wielu lat, co rok, s\u0142ucham, czytam, zastanawiam si\u0119 i wspominam najstraszniejsze chwile prze\u017cyte przez Zbawiciela.<\/p>\n","protected":false},"excerpt":{"rendered":"<p>\u015awi\u0119ta takie ja te &#8230;<\/p>\n","protected":false},"author":1,"featured_media":0,"comment_status":"open","ping_status":"open","sticky":false,"template":"","format":"standard","meta":{"footnotes":""},"categories":[50],"tags":[890,867,271,888],"_links":{"self":[{"href":"http:\/\/niecodziennosc.kubic.info\/index.php?rest_route=\/wp\/v2\/posts\/7398"}],"collection":[{"href":"http:\/\/niecodziennosc.kubic.info\/index.php?rest_route=\/wp\/v2\/posts"}],"about":[{"href":"http:\/\/niecodziennosc.kubic.info\/index.php?rest_route=\/wp\/v2\/types\/post"}],"author":[{"embeddable":true,"href":"http:\/\/niecodziennosc.kubic.info\/index.php?rest_route=\/wp\/v2\/users\/1"}],"replies":[{"embeddable":true,"href":"http:\/\/niecodziennosc.kubic.info\/index.php?rest_route=%2Fwp%2Fv2%2Fcomments&post=7398"}],"version-history":[{"count":0,"href":"http:\/\/niecodziennosc.kubic.info\/index.php?rest_route=\/wp\/v2\/posts\/7398\/revisions"}],"wp:attachment":[{"href":"http:\/\/niecodziennosc.kubic.info\/index.php?rest_route=%2Fwp%2Fv2%2Fmedia&parent=7398"}],"wp:term":[{"taxonomy":"category","embeddable":true,"href":"http:\/\/niecodziennosc.kubic.info\/index.php?rest_route=%2Fwp%2Fv2%2Fcategories&post=7398"},{"taxonomy":"post_tag","embeddable":true,"href":"http:\/\/niecodziennosc.kubic.info\/index.php?rest_route=%2Fwp%2Fv2%2Ftags&post=7398"}],"curies":[{"name":"wp","href":"https:\/\/api.w.org\/{rel}","templated":true}]}}