{"id":7401,"date":"2015-03-27T01:00:29","date_gmt":"2015-03-27T00:00:29","guid":{"rendered":"http:\/\/niecodziennosc.kubic.info\/index.php\/2015\/03\/27\/czarna-limuzyna\/"},"modified":"2019-05-05T01:42:10","modified_gmt":"2019-05-04T23:42:10","slug":"czarna-limuzyna","status":"publish","type":"post","link":"http:\/\/niecodziennosc.kubic.info\/?p=7401","title":{"rendered":"Czarna limuzyna"},"content":{"rendered":"<p>Odbijaj\u0105 si\u0119 konary drzew w karoseriach naszych samochod\u00f3w, gdy p\u0119dzimy przez miasto. Ani nie wiemy kiedy. Przegl\u0105daj\u0105 si\u0119 chmury, \u017ce teraz, wiosn\u0105, takie mniej uczesane. Uliczne latarnie g\u0142aszcz\u0105 maski i b\u0142otniki, zbyt delikatnie, by\u015bmy je czuli. Deszcz z przedwio\u015bnia puka do zasuni\u0119tych szyb.<\/p>\n<p><img fetchpriority=\"high\" decoding=\"async\" src=\"wp-content\/uploads\/2019\/03\/samochod_IMG_0071.jpg\" alt=\"\" width=\"500\" height=\"333\" \/><\/p>\n<p>Kto\u015b rozmawia z kim\u015b bliskim, bez nas, na temat zasadniczy. Dowiemy si\u0119 o tym z porannej gazety, kt\u00f3r\u0105 znajdziemy trzy dni po wydaniu, z\u0142o\u017con\u0105 starannie na przystanku. T\u0142umy ca\u0142e prze\u015blizn\u0105 si\u0119 l\u015bni\u0105cymi cieniami po nawoskowanych bokach bolidu, gdy w godzinach szczytu b\u0119dzie przemyka\u0142 alejami, jakby nie dotyczy\u0142y go ograniczenia pr\u0119dko\u015bci, zakazy i nakazy. Jakby ani nie mog\u0142y mu przeszkodzi\u0107 stoj\u0105ce w kolejkach samochody. Jakby nie mia\u0142 wstydu, a mo\u017ce jakby mu by\u0142o wszystko jedno. Jakby nie m\u00f3g\u0142 ju\u017c odczu\u0107 ludzkiego smutku, rozpaczy, nawet fascynacji.<\/p>\n<p>Idealne odgrodzenie si\u0119 od \u015bwiata.<\/p>\n","protected":false},"excerpt":{"rendered":"<p>Odbijaj\u0105 si\u0119 konary &#8230;<\/p>\n","protected":false},"author":1,"featured_media":0,"comment_status":"open","ping_status":"open","sticky":false,"template":"","format":"standard","meta":{"footnotes":""},"categories":[27,909],"tags":[817,38,882,870],"_links":{"self":[{"href":"http:\/\/niecodziennosc.kubic.info\/index.php?rest_route=\/wp\/v2\/posts\/7401"}],"collection":[{"href":"http:\/\/niecodziennosc.kubic.info\/index.php?rest_route=\/wp\/v2\/posts"}],"about":[{"href":"http:\/\/niecodziennosc.kubic.info\/index.php?rest_route=\/wp\/v2\/types\/post"}],"author":[{"embeddable":true,"href":"http:\/\/niecodziennosc.kubic.info\/index.php?rest_route=\/wp\/v2\/users\/1"}],"replies":[{"embeddable":true,"href":"http:\/\/niecodziennosc.kubic.info\/index.php?rest_route=%2Fwp%2Fv2%2Fcomments&post=7401"}],"version-history":[{"count":1,"href":"http:\/\/niecodziennosc.kubic.info\/index.php?rest_route=\/wp\/v2\/posts\/7401\/revisions"}],"predecessor-version":[{"id":8949,"href":"http:\/\/niecodziennosc.kubic.info\/index.php?rest_route=\/wp\/v2\/posts\/7401\/revisions\/8949"}],"wp:attachment":[{"href":"http:\/\/niecodziennosc.kubic.info\/index.php?rest_route=%2Fwp%2Fv2%2Fmedia&parent=7401"}],"wp:term":[{"taxonomy":"category","embeddable":true,"href":"http:\/\/niecodziennosc.kubic.info\/index.php?rest_route=%2Fwp%2Fv2%2Fcategories&post=7401"},{"taxonomy":"post_tag","embeddable":true,"href":"http:\/\/niecodziennosc.kubic.info\/index.php?rest_route=%2Fwp%2Fv2%2Ftags&post=7401"}],"curies":[{"name":"wp","href":"https:\/\/api.w.org\/{rel}","templated":true}]}}