{"id":7402,"date":"2015-03-26T00:25:38","date_gmt":"2015-03-25T23:25:38","guid":{"rendered":"http:\/\/niecodziennosc.kubic.info\/index.php\/2015\/03\/26\/ogrod-konczy-sie-murem\/"},"modified":"2019-05-05T01:42:10","modified_gmt":"2019-05-04T23:42:10","slug":"ogrod-konczy-sie-murem","status":"publish","type":"post","link":"http:\/\/niecodziennosc.kubic.info\/?p=7402","title":{"rendered":"Ogr\u00f3d ko\u0144czy si\u0119 murem"},"content":{"rendered":"<h4>Ze zbioru Teksty znalezione<\/h4>\n<p>Ogr\u00f3d ko\u0144czy si\u0119 murem. Nale\u017cy on do cmentarza. Wzd\u0142u\u017c muru, po drugiej stronie, ci\u0105gnie si\u0119 alejka cmentarna. Prowadzi od cmentarnej bramy do starej cz\u0119\u015bci, gdzie najwi\u0119cej grob\u00f3w. Powracaj\u0105cy z odwiedzin zmar\u0142ych \u017cywi id\u0105 wzd\u0142u\u017c kamiennej \u015bciany i kiedy kt\u00f3ry\u015b z nich trzyma w r\u0119ku wypalony znicz albo zwi\u0119d\u0142y wieniec, ma ochot\u0119 przerzuci\u0107 go na ogr\u00f3d. Dlatego w\u015br\u00f3d zesz\u0142orocznej trawy i bezlistnych krzew\u00f3w wschodz\u0105 szklane i plastikowe naczynia, puste i przydymione. S\u0105 te\u017c strz\u0119py papieru, gazet i innych, trudnych do rozpoznania, pozosta\u0142o\u015bci. Pomy\u015bla\u0142em, \u017ce skoro ju\u017c tu zaszed\u0142em, to przynajmniej zbior\u0119 \u015bmieci na jedno miejsce, zw\u0142aszcza, \u017ce wkr\u00f3tce wzejdzie trawa.<\/p>\n<p>Po roztopach zd\u0105\u017cy\u0142o obeschn\u0105\u0107. Wzi\u0105\u0142em pierwszy papier, jaki dostrzeg\u0142em niedaleko siebie; do\u015b\u0107 jasny i lekko tylko zmi\u0119ty. By\u0142o na nim odr\u0119czne pismo z\u0142o\u017cone r\u00f3wnymi rz\u0119dami, oddalonymi od siebie z widoczn\u0105 r\u00f3wnowag\u0105. Zapisany ci\u0105g liter jakby rozmawia\u0142 z wij\u0105cym si\u0119 mi\u0119dzy nimi pasem wolnej przestrzeni&#8230;<\/p>\n<p style=\"padding-left: 30px;\"><em>Sens bycia jednego cz\u0142owieka z drugim z cz\u0142owiekiem&#8230; wtedy, gdy oboje tego chc\u0105, a \u017cadne z nich nie musi. Dlatego boj\u0119 si\u0119, \u017ce gdybym tak bardzo chcia\u0142 Ci\u0119 zatrzyma\u0107, to zrobi\u0142bym co\u015b o wiele gorszego, ni\u017c pozwoli\u0107 Ci odej\u015b\u0107&#8230;<\/em><\/p>\n<p style=\"padding-left: 30px;\"><em>Odej\u015b\u0107, przyj\u015b\u0107. Przyj\u015b\u0107, odej\u015b\u0107. Nie ma przymusu bycia z drugim cz\u0142owiekiem, gdy potrafimy \u017cy\u0107 sami. Ale skoro potrafimy \u017cy\u0107 sami, to po co drugi cz\u0142owiek?<br \/>No to jak? <\/em><\/p>\n<p style=\"padding-left: 30px;\"><em>G\u0142upie s\u0105 opowie\u015bci o szalonej mi\u0142o\u015bci, w kt\u00f3rej kto\u015b nie mo\u017ce \u017cy\u0107 bez kogo\u015b. Przecie\u017c to jest uzale\u017cnienie. Mi\u0142o\u015b\u0107 nie jest uzale\u017cnieniem, przeciwnie, zupe\u0142n\u0105 wolno\u015bci\u0105. <br \/><\/em><\/p>\n<p style=\"padding-left: 30px;\"><em>Odk\u0105d przesta\u0142a\u015b mi odpowiada\u0107 nie wiem, co u Ciebie. Ale uda\u0142o mi si\u0119 odnale\u017a\u0107 Twoj\u0105 u\u015bmiechni\u0119t\u0105 twarz gdzie\u015b na Facebooku. To zdj\u0119cie, sprzed jedenastu godzin, mnie uspokaja. \u017byjemy z kim\u015b nie po to, \u017ceby go mie\u0107, tylko \u017ceby by\u0142 cho\u0107 troch\u0119 szcz\u0119\u015bliwszy. Nawet, je\u015bli to oznacza, \u017ce nie \u017cyjemy z nim&#8230;<br \/><\/em><\/p>\n","protected":false},"excerpt":{"rendered":"<h4>Ze zbioru Teksty &#8230;<\/p>\n","protected":false},"author":1,"featured_media":0,"comment_status":"open","ping_status":"open","sticky":false,"template":"","format":"standard","meta":{"footnotes":""},"categories":[27,909],"tags":[590,38,881,884],"_links":{"self":[{"href":"http:\/\/niecodziennosc.kubic.info\/index.php?rest_route=\/wp\/v2\/posts\/7402"}],"collection":[{"href":"http:\/\/niecodziennosc.kubic.info\/index.php?rest_route=\/wp\/v2\/posts"}],"about":[{"href":"http:\/\/niecodziennosc.kubic.info\/index.php?rest_route=\/wp\/v2\/types\/post"}],"author":[{"embeddable":true,"href":"http:\/\/niecodziennosc.kubic.info\/index.php?rest_route=\/wp\/v2\/users\/1"}],"replies":[{"embeddable":true,"href":"http:\/\/niecodziennosc.kubic.info\/index.php?rest_route=%2Fwp%2Fv2%2Fcomments&post=7402"}],"version-history":[{"count":1,"href":"http:\/\/niecodziennosc.kubic.info\/index.php?rest_route=\/wp\/v2\/posts\/7402\/revisions"}],"predecessor-version":[{"id":8950,"href":"http:\/\/niecodziennosc.kubic.info\/index.php?rest_route=\/wp\/v2\/posts\/7402\/revisions\/8950"}],"wp:attachment":[{"href":"http:\/\/niecodziennosc.kubic.info\/index.php?rest_route=%2Fwp%2Fv2%2Fmedia&parent=7402"}],"wp:term":[{"taxonomy":"category","embeddable":true,"href":"http:\/\/niecodziennosc.kubic.info\/index.php?rest_route=%2Fwp%2Fv2%2Fcategories&post=7402"},{"taxonomy":"post_tag","embeddable":true,"href":"http:\/\/niecodziennosc.kubic.info\/index.php?rest_route=%2Fwp%2Fv2%2Ftags&post=7402"}],"curies":[{"name":"wp","href":"https:\/\/api.w.org\/{rel}","templated":true}]}}