{"id":7404,"date":"2015-03-21T11:19:48","date_gmt":"2015-03-21T10:19:48","guid":{"rendered":"http:\/\/niecodziennosc.kubic.info\/index.php\/2015\/03\/21\/potrafie\/"},"modified":"2015-03-21T11:19:48","modified_gmt":"2015-03-21T10:19:48","slug":"potrafie","status":"publish","type":"post","link":"http:\/\/niecodziennosc.kubic.info\/?p=7404","title":{"rendered":"&#8222;Potrafi\u0119!&#8221;"},"content":{"rendered":"<p><img fetchpriority=\"high\" decoding=\"async\" src=\"wp-content\/uploads\/2019\/03\/nartyBeniWP_20150319_002.jpg\" alt=\"Dziecko potrafi. Nie zabraniajcie mu. \" width=\"500\" height=\"281\" \/><\/p>\n<p><span class=\"fbPhotosPhotoCaption\" data-ft=\"{&quot;tn&quot;:&quot;*G&quot;,&quot;type&quot;:45}\"><span class=\"hasCaption\">Beniamin ma\u0142y jak mr\u00f3weczka, przed chwil\u0105 zjecha\u0142 pierwszy raz z przera\u017caj\u0105cego go stoku. Teraz stoi i wo\u0142a &#8211; tata, jed\u017a!<\/span><\/span><\/p>\n<p><span class=\"fbPhotosPhotoCaption\" data-ft=\"{&quot;tn&quot;:&quot;*G&quot;,&quot;type&quot;:45}\"><span class=\"hasCaption\">Poruszaj\u0105ce mnie wra\u017cenie gdy obserwuj\u0119, jak moje dziecko prze\u0142amuje strach. Brak mi s\u0142\u00f3w, kt\u00f3rymi m\u00f3g\u0142bym to opisa\u0107. Gdyby opowiedzie\u0107 o tym wprost, sta\u0142oby si\u0119 trywialne i oczywiste. Ale przecie\u017c takie nie jest dla tego ma\u0142ego cz\u0142owieka, kt\u00f3ry to prze\u017cywa. <\/span><\/span><\/p>\n<p><span class=\"fbPhotosPhotoCaption\" data-ft=\"{&quot;tn&quot;:&quot;*G&quot;,&quot;type&quot;:45}\"><span class=\"hasCaption\">To niesamowite k<span class=\"text_exposed_show\">iedy widz\u0119, jak otwieraj\u0105 si\u0119 klapki na oczach dziecka i zaczyna dostrzega\u0107 wi\u0119cej i wi\u0119cej. Jak obserwacje uk\u0142adaj\u0105 mu si\u0119 w sensowne ca\u0142o\u015bci, jak wszelkim wysi\u0142kiem pr\u00f3buje znale\u017a\u0107 rozwi\u0105zanie w sytuacji, gdy ogarnia je panika. A potem jest dumne i szcz\u0119\u015bliwe, \u017ce si\u0119 uda\u0142o.<\/span><\/span><\/span><\/p>\n<p><span class=\"fbPhotosPhotoCaption\" data-ft=\"{&quot;tn&quot;:&quot;*G&quot;,&quot;type&quot;:45}\"><span class=\"hasCaption\"><span class=\"text_exposed_show\">Ogarnia mnie w\u015bciek\u0142o\u015b\u0107, kiedy czasem widz\u0119, jak doro\u015bli pr\u00f3buj\u0105 pozbawi\u0107 dzieci w\u0142a\u015bnie tych prze\u017cy\u0107. Jak chcieliby wszystko dziecku przygotowa\u0107, poda\u0107 na tacy, w\u0142o\u017cy\u0107 do ust, pogry\u017a\u0107 i po\u0142kn\u0105\u0107 za niego. Wszystko wyt\u0142umaczy\u0107, przed wszystkim przestrzec, we wszystkim poinstruowa\u0107. Pono\u0107 dla jego w\u0142asnego dobra dziecka, a tak naprawd\u0119 &#8211; wychowuj\u0105c kalek\u0119. <\/span><\/span><\/span><\/p>\n<p><span class=\"fbPhotosPhotoCaption\" data-ft=\"{&quot;tn&quot;:&quot;*G&quot;,&quot;type&quot;:45}\"><span class=\"hasCaption\"><span class=\"text_exposed_show\">Bezcenny jest moment dezorientacji, zagubienia, bezradno\u015bci, \u015bciskaj\u0105cego za gard\u0142o strachu, w kt\u00f3rym udaje si\u0119 znale\u017a\u0107 drobn\u0105 niteczk\u0119, kt\u00f3rej mo\u017cna si\u0119 chwyci\u0107 i kt\u00f3ra doprowadza do wyj\u015bcia.<\/span><\/span><\/span>&#65279;<\/p>\n","protected":false},"excerpt":{"rendered":"<p><img ...\n<\/p>\n","protected":false},"author":1,"featured_media":0,"comment_status":"open","ping_status":"open","sticky":false,"template":"","format":"standard","meta":{"footnotes":""},"categories":[118],"tags":[867,373],"_links":{"self":[{"href":"http:\/\/niecodziennosc.kubic.info\/index.php?rest_route=\/wp\/v2\/posts\/7404"}],"collection":[{"href":"http:\/\/niecodziennosc.kubic.info\/index.php?rest_route=\/wp\/v2\/posts"}],"about":[{"href":"http:\/\/niecodziennosc.kubic.info\/index.php?rest_route=\/wp\/v2\/types\/post"}],"author":[{"embeddable":true,"href":"http:\/\/niecodziennosc.kubic.info\/index.php?rest_route=\/wp\/v2\/users\/1"}],"replies":[{"embeddable":true,"href":"http:\/\/niecodziennosc.kubic.info\/index.php?rest_route=%2Fwp%2Fv2%2Fcomments&post=7404"}],"version-history":[{"count":0,"href":"http:\/\/niecodziennosc.kubic.info\/index.php?rest_route=\/wp\/v2\/posts\/7404\/revisions"}],"wp:attachment":[{"href":"http:\/\/niecodziennosc.kubic.info\/index.php?rest_route=%2Fwp%2Fv2%2Fmedia&parent=7404"}],"wp:term":[{"taxonomy":"category","embeddable":true,"href":"http:\/\/niecodziennosc.kubic.info\/index.php?rest_route=%2Fwp%2Fv2%2Fcategories&post=7404"},{"taxonomy":"post_tag","embeddable":true,"href":"http:\/\/niecodziennosc.kubic.info\/index.php?rest_route=%2Fwp%2Fv2%2Ftags&post=7404"}],"curies":[{"name":"wp","href":"https:\/\/api.w.org\/{rel}","templated":true}]}}