{"id":7405,"date":"2015-03-20T23:51:10","date_gmt":"2015-03-20T22:51:10","guid":{"rendered":"http:\/\/niecodziennosc.kubic.info\/index.php\/2015\/03\/20\/volki-z-wiazaniami-salomon\/"},"modified":"2015-03-20T23:51:10","modified_gmt":"2015-03-20T22:51:10","slug":"volki-z-wiazaniami-salomon","status":"publish","type":"post","link":"http:\/\/niecodziennosc.kubic.info\/?p=7405","title":{"rendered":"Volki z wi\u0105zaniami Salomon"},"content":{"rendered":"<p><img fetchpriority=\"high\" decoding=\"async\" src=\"wp-content\/uploads\/2019\/03\/nartyWP_20150319_016.jpg\" alt=\"Jedziemy na Ma\u0142e Skrzyczne\" width=\"500\" height=\"890\" \/><\/p>\n<h5>Sara i Beniamin. Jedziemy na Ma\u0142e Skrzyczne.<\/h5>\n<p>Jad\u0119 na nartach. <a href=\"https:\/\/youtu.be\/caQhq7QJRnc\">Mam Volki z wi\u0105zaniami Salomon<\/a>, kupione za jakie\u015b marne pieni\u0105dze, bo znajomy z mojego miasteczka przywozi takie z innych kraj\u00f3w, wype\u0142niaj\u0105c ca\u0142\u0105 furgonetk\u0119. Chce mi si\u0119 \u015bmia\u0107, ale nie potrafi\u0119 tego dobrze tego wyja\u015bni\u0107. Trzydzie\u015bci lat temu zaczyna\u0142em si\u0119 uczy\u0107 jazdy na nartach, maj\u0105c polski sprz\u0119t Polsport Compact i wi\u0105zania Gamma. Narty by\u0142y dla mnie za d\u0142ugie, ale takie uda\u0142o si\u0119 kupi\u0107. Wtedy te\u017c nie mia\u0142em poj\u0119cia, co to narty <em>carvingowe<\/em>. Jazda na stokach w Polsce by\u0142a walk\u0105 o przetrwanie, bo nie znali\u015bmy poj\u0119cia <em>utrzymanie trasy<\/em>.<\/p>\n<p>Na zachodni sprz\u0119t narciarski patrzyli\u015bmy nawet nie z zazdro\u015bci\u0105, tylko podziwiaj\u0105c l\u015bni\u0105ce plastiki o pastelowych kolorach, pogodzeni z tym, \u017ce nie mo\u017cemy go mie\u0107. By\u0142o fajnie.<\/p>\n<p>Dzi\u015b mam sprz\u0119t i tak lepszy od tego, o kt\u00f3rym kiedy\u015b marzy\u0142em. Te narty, kt\u00f3rych kto\u015b ju\u017c nie chcia\u0142, po naostrzeniu je\u017cd\u017c\u0105 genialnie w por\u00f3wnaniu do moich sprzed trzydziestu lat. I tak sobie my\u015bl\u0119, \u017ce niczego wi\u0119cej mi nie trzeba. Z pewno\u015bci\u0105 nowe Volki z kolekcji 2014\/2015 w cenie 3499, przecenione z 4999, bij\u0105 moje na g\u0142ow\u0119. Ale wcale mnie to nie interesuje i chyba to mnie tak \u015bmieszy.<\/p>\n","protected":false},"excerpt":{"rendered":"<p><img ...\n<\/p>\n","protected":false},"author":1,"featured_media":0,"comment_status":"open","ping_status":"open","sticky":false,"template":"","format":"standard","meta":{"footnotes":""},"categories":[50],"tags":[373,898,635],"_links":{"self":[{"href":"http:\/\/niecodziennosc.kubic.info\/index.php?rest_route=\/wp\/v2\/posts\/7405"}],"collection":[{"href":"http:\/\/niecodziennosc.kubic.info\/index.php?rest_route=\/wp\/v2\/posts"}],"about":[{"href":"http:\/\/niecodziennosc.kubic.info\/index.php?rest_route=\/wp\/v2\/types\/post"}],"author":[{"embeddable":true,"href":"http:\/\/niecodziennosc.kubic.info\/index.php?rest_route=\/wp\/v2\/users\/1"}],"replies":[{"embeddable":true,"href":"http:\/\/niecodziennosc.kubic.info\/index.php?rest_route=%2Fwp%2Fv2%2Fcomments&post=7405"}],"version-history":[{"count":0,"href":"http:\/\/niecodziennosc.kubic.info\/index.php?rest_route=\/wp\/v2\/posts\/7405\/revisions"}],"wp:attachment":[{"href":"http:\/\/niecodziennosc.kubic.info\/index.php?rest_route=%2Fwp%2Fv2%2Fmedia&parent=7405"}],"wp:term":[{"taxonomy":"category","embeddable":true,"href":"http:\/\/niecodziennosc.kubic.info\/index.php?rest_route=%2Fwp%2Fv2%2Fcategories&post=7405"},{"taxonomy":"post_tag","embeddable":true,"href":"http:\/\/niecodziennosc.kubic.info\/index.php?rest_route=%2Fwp%2Fv2%2Ftags&post=7405"}],"curies":[{"name":"wp","href":"https:\/\/api.w.org\/{rel}","templated":true}]}}