{"id":7406,"date":"2015-03-18T21:53:51","date_gmt":"2015-03-18T20:53:51","guid":{"rendered":"http:\/\/niecodziennosc.kubic.info\/index.php\/2015\/03\/18\/sprzeciw-poczatkiem-samodzielnosci\/"},"modified":"2015-03-18T21:53:51","modified_gmt":"2015-03-18T20:53:51","slug":"sprzeciw-poczatkiem-samodzielnosci","status":"publish","type":"post","link":"http:\/\/niecodziennosc.kubic.info\/?p=7406","title":{"rendered":"Sprzeciw pocz\u0105tkiem samodzielno\u015bci&#8230;?"},"content":{"rendered":"<p>Sk\u0105d bierze si\u0119 tyle zniech\u0119cenia rodzic\u00f3w wzgl\u0119dem dzieci? Dziecko, kt\u00f3re jest ju\u017c pe\u0142noletnie i chce co\u015b zrobi\u0107 wed\u0142ug w\u0142asnego planu, spotyka si\u0119 tylko z w\u0105tpliwo\u015bciami, ubolewaniem, opiniami w stylu &#8222;tak si\u0119 nie robi&#8221;. Ale nie same s\u0142owa s\u0105 problemem, tylko ton, w jakim zostaj\u0105 wypowiedziane. Ton bezwarunkowy, bezdyskusyjny, ton oczywisto\u015bci.<\/p>\n<p>Przypominam sobie rodzic\u00f3w, kt\u00f3rzy na r\u00f3\u017cne sposoby pr\u00f3bowali odwie\u017a\u0107 swojego doros\u0142ego syna i jego \u017con\u0119 od wyjazdu za granic\u0119. &#8222;Nie dacie sobie rady&#8221; brzmia\u0142a diagnoza. A mo\u017ce niepotrzebnie ubolewam? Bo taka postawa rodzic\u00f3w tym bardziej prowokuje m\u0142odych do samodzielno\u015bci. Do podj\u0119cia w\u0142asnej decyzji wbrew. Do sprzeciwu. Sprzeciw jest dowodem na to, \u017ce kto\u015b, kto si\u0119 sprzeciwia, rozpoczyna wreszcie w\u0142asn\u0105 drog\u0119.<\/p>\n<p>To chyba nie jest do ko\u0144ca wyja\u015bnione, kt\u00f3rzy rodzice wychowuj\u0105 bardziej samodzielnego cz\u0142owieka. Czy ci, kt\u00f3rzy bardzo go kontroluj\u0105 i ograniczaj\u0105, a\u017c wreszcie on ma tego do\u015b\u0107 i zdecydowanie zrywa p\u0119powin\u0119. Czy ci, kt\u00f3rzy s\u0105 liberalni i cz\u0119\u015bciej pozwalaj\u0105 m\u0142odemu w jakim\u015b zakresie samodzielnie eksperymentowa\u0107 i bra\u0107 na siebie konsekwencj\u0119 w\u0142asnych poczyna\u0144. Mo\u017ce czyta to jaki\u015b psycholog albo pedagog i wyrazi swoj\u0105 opini\u0119? Ciekawy jestem, na ile jest prawdopodobne usamodzielnienie si\u0119 m\u0142odego cz\u0142owieka bez sprzeciwu?<\/p>\n","protected":false},"excerpt":{"rendered":"<p>Sk\u0105d bierze si\u0119 tyle &#8230;<\/p>\n","protected":false},"author":1,"featured_media":0,"comment_status":"open","ping_status":"open","sticky":false,"template":"","format":"standard","meta":{"footnotes":""},"categories":[50],"tags":[867,373,872,638,655],"_links":{"self":[{"href":"http:\/\/niecodziennosc.kubic.info\/index.php?rest_route=\/wp\/v2\/posts\/7406"}],"collection":[{"href":"http:\/\/niecodziennosc.kubic.info\/index.php?rest_route=\/wp\/v2\/posts"}],"about":[{"href":"http:\/\/niecodziennosc.kubic.info\/index.php?rest_route=\/wp\/v2\/types\/post"}],"author":[{"embeddable":true,"href":"http:\/\/niecodziennosc.kubic.info\/index.php?rest_route=\/wp\/v2\/users\/1"}],"replies":[{"embeddable":true,"href":"http:\/\/niecodziennosc.kubic.info\/index.php?rest_route=%2Fwp%2Fv2%2Fcomments&post=7406"}],"version-history":[{"count":0,"href":"http:\/\/niecodziennosc.kubic.info\/index.php?rest_route=\/wp\/v2\/posts\/7406\/revisions"}],"wp:attachment":[{"href":"http:\/\/niecodziennosc.kubic.info\/index.php?rest_route=%2Fwp%2Fv2%2Fmedia&parent=7406"}],"wp:term":[{"taxonomy":"category","embeddable":true,"href":"http:\/\/niecodziennosc.kubic.info\/index.php?rest_route=%2Fwp%2Fv2%2Fcategories&post=7406"},{"taxonomy":"post_tag","embeddable":true,"href":"http:\/\/niecodziennosc.kubic.info\/index.php?rest_route=%2Fwp%2Fv2%2Ftags&post=7406"}],"curies":[{"name":"wp","href":"https:\/\/api.w.org\/{rel}","templated":true}]}}