{"id":7409,"date":"2015-03-12T22:59:21","date_gmt":"2015-03-12T21:59:21","guid":{"rendered":"http:\/\/niecodziennosc.kubic.info\/index.php\/2015\/03\/12\/zagubiona-wiosna\/"},"modified":"2015-03-12T22:59:21","modified_gmt":"2015-03-12T21:59:21","slug":"zagubiona-wiosna","status":"publish","type":"post","link":"http:\/\/niecodziennosc.kubic.info\/?p=7409","title":{"rendered":"Zagubiona wiosna"},"content":{"rendered":"<p><span class=\"fbPhotosPhotoCaption\" data-ft=\"{&quot;tn&quot;:&quot;K&quot;}\"><span class=\"hasCaption\">Idzie wiosna. Powoli. <br \/> Przypominam sobie t\u0119 jedn\u0105, na kt\u00f3r\u0105 czeka\u0142em. Bo tamtej zimy ojciec kupi\u0142 mi nowy rower. Mia\u0142 dziesi\u0119\u0107 bieg\u00f3w, co na tamte czasy by\u0142o szczytem marze\u0144. Rower sta\u0142 w nieu\u017cywanej kuchni i zerka\u0142em na niego przez matow\u0105 szyb\u0119 w drzwiach, kt\u00f3re tam prowadzi\u0142y. By\u0142 czerwony. Regulowa\u0142em przerzutki, sprawdza\u0142em, jak dzia\u0142aj\u0105, naciska\u0142em na d\u017awigienki hamulc\u00f3w, w tle gra\u0142 na okr\u0105g\u0142<span class=\"text_exposed_show\">o singiel Papa Dance, a ja czeka\u0142em, kiedy b\u0119d\u0119 m\u00f3g\u0142 go wreszcie wyprowadzi\u0107 na zewn\u0105trz. <\/span><\/span><\/span><\/p>\n<p><span class=\"fbPhotosPhotoCaption\" data-ft=\"{&quot;tn&quot;:&quot;K&quot;}\"><span class=\"hasCaption\"><span class=\"text_exposed_show\"><img fetchpriority=\"high\" decoding=\"async\" src=\"wp-content\/uploads\/2019\/03\/rowerek_F1A4302.jpg\" alt=\"Opuszczony rowerek fot. Piotr Kubic\" width=\"500\" height=\"333\" \/><br \/><\/span><\/span><\/span><\/p>\n<p><span class=\"fbPhotosPhotoCaption\" data-ft=\"{&quot;tn&quot;:&quot;K&quot;}\"><span class=\"hasCaption\"><span class=\"text_exposed_show\">W tamtych czasach nie mie\u015bci\u0142o si\u0119 jako\u015b w g\u0142owie, \u017ce mo\u017cna je\u017adzi\u0107 rowerem zim\u0105, po \u015bniegu. Kt\u00f3rego\u015b dnia przysz\u0142y roztopy i woda p\u0142yn\u0119\u0142a strumieniami po sp\u0119kanym asfalcie. Pojecha\u0142em tylko na chwil\u0119, w s\u0142o\u0144cu i tym w\u0142a\u015bnie zapachu, kt\u00f3ry towarzyszy mi\u0119kn\u0105cej po mrozach ziemi. <\/span><\/span><\/span><\/p>\n<p><span class=\"fbPhotosPhotoCaption\" data-ft=\"{&quot;tn&quot;:&quot;K&quot;}\"><span class=\"hasCaption\"><span class=\"text_exposed_show\">Potem, po latach, wynagrodzi\u0142em sobie te miesi\u0105ce czekania. Ten sam rower je\u017adzi\u0142 po \u015bniegu i lodzie, podczas kilkunastostopniowych mroz\u00f3w, w samo po\u0142udnie i o trzeciej nad ranem. Kt\u00f3rych\u015b \u015awi\u0105t Wielkanocnych dotar\u0142 na \u015anie\u017cnic\u0119, a jakiego\u015b lata &#8211; pod Trzy Korony. Je\u017adzi\u0142 w deszczu, przyt\u0142oczony ci\u0119\u017carem \u015bpiwora, namiotu i prowiantu. <\/span><\/span><\/span><\/p>\n<p><span class=\"fbPhotosPhotoCaption\" data-ft=\"{&quot;tn&quot;:&quot;K&quot;}\"><span class=\"hasCaption\"><span class=\"text_exposed_show\">A\u017c go&#8230; zgubi\u0142em. Kt\u00f3rego\u015b dnia nie znalaz\u0142em go na miejscu. Nie mog\u0142em zrozumie\u0107 ani sobie przypomnie\u0107, co si\u0119 sta\u0142o. Mia\u0142em go w Krakowie, tam, gdzie pracuj\u0119 i za\u0142atwia\u0142em przy jego pomocy r\u00f3\u017cne sprawy w centrum. I zdaje si\u0119 \u017ce by\u0142o tak, \u017ce kt\u00f3rego\u015b dnia przypi\u0105\u0142em rower do latarni i poszed\u0142em zje\u015b\u0107 obiad. Nagle odebra\u0142em telefon z informacj\u0105, \u017ce jestem pilnie potrzebny w robocie. Zapomnia\u0142em o rowerze, zerwa\u0142em si\u0119 i pobieg\u0142em. Roweru zacz\u0105\u0142em szuka\u0107 cztery dni p\u00f3\u017aniej, ale \u015blad po nim zagin\u0105\u0142&#8230;<\/span><\/span><\/span>&#65279;<\/p>\n","protected":false},"excerpt":{"rendered":"<p><span ...\n<\/p>\n","protected":false},"author":1,"featured_media":0,"comment_status":"open","ping_status":"open","sticky":false,"template":"","format":"standard","meta":{"footnotes":""},"categories":[27],"tags":[747,432,269],"_links":{"self":[{"href":"http:\/\/niecodziennosc.kubic.info\/index.php?rest_route=\/wp\/v2\/posts\/7409"}],"collection":[{"href":"http:\/\/niecodziennosc.kubic.info\/index.php?rest_route=\/wp\/v2\/posts"}],"about":[{"href":"http:\/\/niecodziennosc.kubic.info\/index.php?rest_route=\/wp\/v2\/types\/post"}],"author":[{"embeddable":true,"href":"http:\/\/niecodziennosc.kubic.info\/index.php?rest_route=\/wp\/v2\/users\/1"}],"replies":[{"embeddable":true,"href":"http:\/\/niecodziennosc.kubic.info\/index.php?rest_route=%2Fwp%2Fv2%2Fcomments&post=7409"}],"version-history":[{"count":0,"href":"http:\/\/niecodziennosc.kubic.info\/index.php?rest_route=\/wp\/v2\/posts\/7409\/revisions"}],"wp:attachment":[{"href":"http:\/\/niecodziennosc.kubic.info\/index.php?rest_route=%2Fwp%2Fv2%2Fmedia&parent=7409"}],"wp:term":[{"taxonomy":"category","embeddable":true,"href":"http:\/\/niecodziennosc.kubic.info\/index.php?rest_route=%2Fwp%2Fv2%2Fcategories&post=7409"},{"taxonomy":"post_tag","embeddable":true,"href":"http:\/\/niecodziennosc.kubic.info\/index.php?rest_route=%2Fwp%2Fv2%2Ftags&post=7409"}],"curies":[{"name":"wp","href":"https:\/\/api.w.org\/{rel}","templated":true}]}}