{"id":7410,"date":"2015-03-09T23:24:43","date_gmt":"2015-03-09T22:24:43","guid":{"rendered":"http:\/\/niecodziennosc.kubic.info\/index.php\/2015\/03\/09\/w-przestrzeni\/"},"modified":"2015-03-09T23:24:43","modified_gmt":"2015-03-09T22:24:43","slug":"w-przestrzeni","status":"publish","type":"post","link":"http:\/\/niecodziennosc.kubic.info\/?p=7410","title":{"rendered":"W przestrzeni"},"content":{"rendered":"<p><img fetchpriority=\"high\" decoding=\"async\" src=\"wp-content\/uploads\/2019\/03\/beniamin_MG_9147fotPiotrKubic.jpg\" alt=\"\" width=\"500\" height=\"333\" \/><\/p>\n<p>Bardzo lubi\u0119 to zdj\u0119cie. Ju\u017c przesz\u0142o mi przez g\u0142ow\u0119 kilkadziesi\u0105t argument\u00f3w, kt\u00f3re udowadnia\u0142yby, \u017ce jest dobre. Ale za ka\u017cdym razem przypomina\u0142 mi si\u0119 jaki\u015b kontrargument, kt\u00f3ry z wielkim prawdopodobie\u0144stwem by\u0142by wysuni\u0119ty przez na przyk\u0142ad kogo\u015b z forum fotograficznego, kto od lat zajmuje si\u0119 fotografi\u0105 i z pewno\u015bci\u0105 s\u0105dzi, \u017ce si\u0119 na niej zna. Nie przecz\u0119, \u017ce on si\u0119 zna na fotografii i \u017ce ma prawo si\u0119 wypowiada\u0107. Zreszt\u0105 wszyscy maj\u0105 do wszystkiego prawo. Nasta\u0142y czasy, \u017ce ka\u017cdy mo\u017ce si\u0119 wypowiada\u0107. Do rzeczy ludzi tego \u015bwiadomych do\u0142\u0105czaj\u0105 kolejne zast\u0119py. W sumie nie chc\u0119, aby brzmia\u0142o to sarkastycznie, ale pewnie troch\u0119 brzmi.<\/p>\n<p>Chc\u0119 wyrazi\u0107 to, \u017ce nie zamierzam dyskutowa\u0107 z nikim o warto\u015bci tego zdj\u0119cia. Nie b\u0119d\u0119 udowadnia\u0142, jakie ono jest w mierze obiektywnej, na skali tzw. warto\u015bci fotograficznych. Chc\u0119 sobie my\u015ble\u0107 to, co chc\u0119 o tym zdj\u0119ciu, w ko\u0144cu to m\u00f3j blog. A co my\u015bl\u0119? Mam napisa\u0107? &#8222;No pewnie, \u017ce napisa\u0107, skoro to tw\u00f3j blog to pisz&#8221; &#8211; zabrzmia\u0142 mi sk\u0105d\u015b g\u0142os Wie\u015bka. Wie\u015bka dzi\u015b nie ma, nie przyszed\u0142, ale to nie przeszkadza mi s\u0142ysze\u0107 jego g\u0142os tak, jakby by\u0142. Tak wi\u0119c Wiesiek namawia mnie, \u017cebym napisa\u0142. Dobrze.<\/p>\n<p>W tym obrazie zastanawiaj\u0105ce jest to, \u017ce ch\u0142opak tak dok\u0142adnie wkomponowa\u0142 si\u0119 w ramki stworzone przez s\u0142upki i cienie. Jego g\u0142owa i \u0142okie\u0107 niemal dotykaj\u0105 ciemnych linii, a cie\u0144 stopy &#8211; linii cienia na nawierzchni. To precyzyjne dopasowanie nie mo\u017ce by\u0107 przypadkiem. To jest znak, \u017ce dzieje si\u0119 tu co\u015b tajemniczego, niezwyk\u0142ego. Tworzy si\u0119 inny \u015bwiat, raczej przej\u015bcie do innego \u015bwiata. To, co by\u0142o na tym boisku to jedno, a co powsta\u0142o na zdj\u0119ciu &#8211; to ju\u017c co\u015b innego. <\/p>\n<p>Id\u017amy dalej. Na potwierdzenie postawionej tezy zn\u00f3w kolejny element, kt\u00f3ry nie mo\u017ce by\u0107 przypadkiem. Jego wzrok przesuwa si\u0119 za sko\u015bn\u0105 lini\u0105 w d\u00f3\u0142, a potem wraz z cieniem pod\u0105\u017ca do pi\u0142ki. W t\u0119 przestrze\u0144 zamkni\u0119t\u0105 pionowymi i sko\u015bnymi liniami ch\u0142opak wpasowa\u0142 si\u0119 \u015bwietnie. A mimo to nie traci nic ze swojego p\u0119du. Cho\u0107 przestrze\u0144 jest tu zamkni\u0119ta, to t\u0142o dodaje jej, w dziwny spos\u00f3b, przestrzeni. W ten spos\u00f3b \u0142\u0105cz\u0105 si\u0119 tu jako\u015b sprzeczno\u015bci. Ogrom pionowych linii w tle, kt\u00f3re s\u0105 wyra\u017anie uporz\u0105dkowane, nasuwa przypuszczenie jakiej\u015b zmowy. Ale to nie jest zmowa, tylko w\u0142a\u015bnie ten inny \u015bwiat.<\/p>\n<p>Gdyby zrobi\u0107 zdj\u0119cie pod innym k\u0105tem, z innego miejsca, to w kadrze znalaz\u0142yby si\u0119 dziwne, obce, nieuporz\u0105dkowane elementy, kt\u00f3rych by\u0142o tam pe\u0142no. Ale si\u0119 nie znalaz\u0142y, czyli wy, patrz\u0105c, nie macie o nich poj\u0119cia. Nie istniej\u0105 dla was. W przestrze\u0144 sk\u0142adaj\u0105c\u0105 si\u0119 z pionowych, sko\u015bnych i poziomych linii wpada ch\u0142opak goni\u0105c za pi\u0142k\u0105. To cia\u0142o obce, nie z tego \u015bwiata. Pi\u0142ka nie ma swojego odpowiednika w \u017cadnym innym elemencie na zdj\u0119ciu. Ch\u0142opak p\u0119dzi, \u017cyje, ale nie burzy konsekwencji tego \u015bwiata. Tak w\u0142a\u015bnie tam byli\u015bmy, Beniamin i ja. <\/p>\n","protected":false},"excerpt":{"rendered":"<p><img ...\n<\/p>\n","protected":false},"author":1,"featured_media":0,"comment_status":"open","ping_status":"open","sticky":false,"template":"","format":"standard","meta":{"footnotes":""},"categories":[35],"tags":[373,339,70,224],"_links":{"self":[{"href":"http:\/\/niecodziennosc.kubic.info\/index.php?rest_route=\/wp\/v2\/posts\/7410"}],"collection":[{"href":"http:\/\/niecodziennosc.kubic.info\/index.php?rest_route=\/wp\/v2\/posts"}],"about":[{"href":"http:\/\/niecodziennosc.kubic.info\/index.php?rest_route=\/wp\/v2\/types\/post"}],"author":[{"embeddable":true,"href":"http:\/\/niecodziennosc.kubic.info\/index.php?rest_route=\/wp\/v2\/users\/1"}],"replies":[{"embeddable":true,"href":"http:\/\/niecodziennosc.kubic.info\/index.php?rest_route=%2Fwp%2Fv2%2Fcomments&post=7410"}],"version-history":[{"count":0,"href":"http:\/\/niecodziennosc.kubic.info\/index.php?rest_route=\/wp\/v2\/posts\/7410\/revisions"}],"wp:attachment":[{"href":"http:\/\/niecodziennosc.kubic.info\/index.php?rest_route=%2Fwp%2Fv2%2Fmedia&parent=7410"}],"wp:term":[{"taxonomy":"category","embeddable":true,"href":"http:\/\/niecodziennosc.kubic.info\/index.php?rest_route=%2Fwp%2Fv2%2Fcategories&post=7410"},{"taxonomy":"post_tag","embeddable":true,"href":"http:\/\/niecodziennosc.kubic.info\/index.php?rest_route=%2Fwp%2Fv2%2Ftags&post=7410"}],"curies":[{"name":"wp","href":"https:\/\/api.w.org\/{rel}","templated":true}]}}