{"id":7413,"date":"2015-03-03T00:16:25","date_gmt":"2015-03-02T23:16:25","guid":{"rendered":"http:\/\/niecodziennosc.kubic.info\/index.php\/2015\/03\/03\/zapraszam-na-wystawe\/"},"modified":"2015-03-03T00:16:25","modified_gmt":"2015-03-02T23:16:25","slug":"zapraszam-na-wystawe","status":"publish","type":"post","link":"http:\/\/niecodziennosc.kubic.info\/?p=7413","title":{"rendered":"Zapraszam na wystaw\u0119"},"content":{"rendered":"<p><img fetchpriority=\"high\" decoding=\"async\" src=\"wp-content\/uploads\/2019\/03\/PawelSanakiewiczwystawafotPiotrKubic.jpg\" alt=\"Pawe\u0142 Sanakiewicz w spektaklu Pok\u00f3j na godziny w re\u017c. Waldemara \u015amigasiewicza, fot. Piotr Kubic\" width=\"471\" height=\"350\" \/><\/p>\n<p>Serdecznie zapraszam na otwarcie wystawy fotografii, kt\u00f3rych g\u0142\u00f3wn\u0105 postaci\u0105 jest Pawe\u0142 Sanakiewicz, aktor Teatru Bagatela.<\/p>\n<p>Zdj\u0119cia prezentuj\u0105 bohatera w rozmaitych, zaskakuj\u0105cych kreacjach aktorskich. Wystawa jest kontynuacj\u0105 cyklu wystaw po\u015bwi\u0119conych aktorom Teatru Bagatela, towarzysz\u0105cych Festiwalowi Sztuki Aktorskiej. W tym roku ma miejsce jego pi\u0105ta ods\u0142ona.<\/p>\n<p>Wtorek 3 marca 2015, godz. 16:00<br \/> Bunkier Cafe, pl. Szczepa\u0144ski 3a, Krak\u00f3w.<\/p>\n","protected":false},"excerpt":{"rendered":"<p><img ...\n<\/p>\n","protected":false},"author":1,"featured_media":0,"comment_status":"open","ping_status":"open","sticky":false,"template":"","format":"standard","meta":{"footnotes":""},"categories":[35],"tags":[339,70],"_links":{"self":[{"href":"http:\/\/niecodziennosc.kubic.info\/index.php?rest_route=\/wp\/v2\/posts\/7413"}],"collection":[{"href":"http:\/\/niecodziennosc.kubic.info\/index.php?rest_route=\/wp\/v2\/posts"}],"about":[{"href":"http:\/\/niecodziennosc.kubic.info\/index.php?rest_route=\/wp\/v2\/types\/post"}],"author":[{"embeddable":true,"href":"http:\/\/niecodziennosc.kubic.info\/index.php?rest_route=\/wp\/v2\/users\/1"}],"replies":[{"embeddable":true,"href":"http:\/\/niecodziennosc.kubic.info\/index.php?rest_route=%2Fwp%2Fv2%2Fcomments&post=7413"}],"version-history":[{"count":0,"href":"http:\/\/niecodziennosc.kubic.info\/index.php?rest_route=\/wp\/v2\/posts\/7413\/revisions"}],"wp:attachment":[{"href":"http:\/\/niecodziennosc.kubic.info\/index.php?rest_route=%2Fwp%2Fv2%2Fmedia&parent=7413"}],"wp:term":[{"taxonomy":"category","embeddable":true,"href":"http:\/\/niecodziennosc.kubic.info\/index.php?rest_route=%2Fwp%2Fv2%2Fcategories&post=7413"},{"taxonomy":"post_tag","embeddable":true,"href":"http:\/\/niecodziennosc.kubic.info\/index.php?rest_route=%2Fwp%2Fv2%2Ftags&post=7413"}],"curies":[{"name":"wp","href":"https:\/\/api.w.org\/{rel}","templated":true}]}}