{"id":7414,"date":"2015-02-28T01:32:32","date_gmt":"2015-02-28T00:32:32","guid":{"rendered":"http:\/\/niecodziennosc.kubic.info\/index.php\/2015\/02\/28\/powrot-noca\/"},"modified":"2015-02-28T01:32:32","modified_gmt":"2015-02-28T00:32:32","slug":"powrot-noca","status":"publish","type":"post","link":"http:\/\/niecodziennosc.kubic.info\/?p=7414","title":{"rendered":"Powr\u00f3t noc\u0105"},"content":{"rendered":"<p>Przystanek ulokowano przy dwupasmowej drodze. Za przej\u015bciem dla pieszych jest pawilon handlowy. Za pawilonem otwiera si\u0119 osiedle. Ju\u017c za pawilonem odchodzi od ulicy alejka i zmierza w g\u0142\u0105b, pomi\u0119dzy bloki. Za alejk\u0105 jest plac zabaw, albo by\u0142, mo\u017ce. Zreszt\u0105 zim\u0105 to nie ma znaczenia. Zaraz zaraz, raczej nie. Za alejk\u0105 jest kr\u00f3tki rz\u0105d gara\u017cy. Potem kolejna alejka, bo gara\u017ce stykaj\u0105 si\u0119 ze sob\u0105 tylnymi \u015bcianami, i od drugiej strony te\u017c potrzebny jest dojazd. Dalej &#8211; parking i dopiero potem plac zabaw. A mo\u017ce zosta\u0142 z niego tylko trawnik, nie pami\u0119tam. Potem ju\u017c chyba parkan otaczaj\u0105cy krzewy i drzewa. W zasadzie, mimo, \u017ce kiedy\u015b przechodzi\u0142em t\u0119dy codziennie przez pi\u0119\u0107 lat, to do dzi\u015b nie pami\u0119tam, sk\u0105d na skraju osiedla sk\u0142adaj\u0105cego si\u0119 z blok\u00f3w wzi\u0105\u0142 si\u0119 niewielki teren jak le\u015bny, otoczony metalowym parkanem.<\/p>\n<p>Mniejsza z tym. Ciekawe jest&#8230; przynajmniej mnie wydaje si\u0119 ciekawe&#8230; Powiem inaczej &#8211; zaskoczy\u0142o mnie drzewo, kt\u00f3re ro\u015bnie przy ulicy, gdzie\u015b tam, gdzie stoj\u0105 gara\u017ce. Mi\u0119dzy drzewem a gara\u017cami prowadzi chodnik. W zasadzie zaskoczy\u0142o mnie nie tyle drzewo, co jego cie\u0144 na chodniku.<\/p>\n<p><img fetchpriority=\"high\" decoding=\"async\" src=\"wp-content\/uploads\/2019\/03\/Cien_chodnik_WP_20150227_038.jpg\" alt=\"Powr\u00f3t noc\u0105 fot. Piotr Kubic\" width=\"500\" height=\"281\" \/><\/p>\n<p>Drzewo wysy\u0142a czarne promienie oplataj\u0105ce chodnik i przyleg\u0142o\u015bci. Czarnego promienia nie da si\u0119 omin\u0105\u0107. Dziwne te\u017c sprawia wra\u017cenie, kiedy stopa zetknie si\u0119 z czarnym cieniem. Jest on jak o\u015bmiornica, mo\u017ce zastyg\u0142a w bezruchu, ale prawdopodobnie tylko na chwil\u0119. A o\u015bmiornice, jak s\u0142ysza\u0142em, potrafi\u0105 by\u0107 ogromnie szybkie, cz\u0142owiek nie ma z nimi wi\u0119kszych szans i w zetkni\u0119ciu mo\u017ce liczy\u0107 tylko na \u0142ut szcz\u0119\u015bcia.<\/p>\n<p>Przez chwil\u0119 my\u015bla\u0142em, czy nie znajd\u0119 innej drogi. Jest taka, przez \u015brodek osiedla, ale trzeba i\u015b\u0107 o wiele dalej. A o jedenastej w nocy nie mam na to ochoty. Pr\u00f3bowa\u0142em przeskoczy\u0107 roz\u0142o\u017cyste ramiona, grube macki, i te mniejsze nawet mi si\u0119 uda\u0142o. Przy grubszym zawadzi\u0142em troch\u0119 o czarne rami\u0119, ale musia\u0142em mie\u0107 szcz\u0119\u015bcie, o\u015bmiornica nie drgn\u0119\u0142a. Ufff, kto by si\u0119 spodziewa\u0142, \u017ce na ostatniej prostej przed domem &#8211; taka przeszkoda! No ale przeszkody stawia si\u0119 w\u0142a\u015bnie tam, gdzie s\u0105 najmniej spodziewane.<\/p>\n<p>Ju\u017c dobrze. Je\u015bli jutro, za dnia, b\u0119d\u0119 szed\u0142 t\u0105 drog\u0105, to cienia nie b\u0119dzie. Aha, bo cie\u0144 bierze si\u0119 w\u0142a\u015bnie od lampy, stoj\u0105cej tu\u017c przy drzewie. Kto\u015b nie rozwa\u017cy\u0142 tej lokalizacji. A mo\u017ce drzewo uros\u0142o? Gdy by\u0142o m\u0142ode, ma\u0142e, o cienkich ramionach, cie\u0144 nie stanowi\u0142 wi\u0119kszej przeszkody. Lampa wygl\u0105da mi na star\u0105, mo\u017cliwe wi\u0119c, \u017ce niebezpiecze\u0144stwo powsta\u0142o wraz z czasem i nie by\u0142o zaplanowane ani nie jest wynikiem niedbalstwa czy braku przewidywania.<\/p>\n<p>Niemniej zdarzenie to dowodzi, \u017ce \u015bwiat wok\u00f3\u0142 nas \u017cyje swoim \u017cyciem. Czasem mo\u017ce si\u0119 nam wydawa\u0107, \u017ce tylko my p\u0119dzimy do przodu, \u017ce u nas si\u0119 co\u015b zmienia, a u innych &#8211; nie. A to nieprawda. Wszystko si\u0119 zmienia i cz\u0119sto nas zaskakuje. I w\u0142a\u015bnie wtedy, kiedy my\u015blimy ju\u017c, by po\u0142o\u017cy\u0107 si\u0119 w mi\u0119kkiej po\u015bcieli, ze szklank\u0105 mleka tu\u017c przed snem, staje nam na drodze niespodziewana o\u015bmiornica. Taki nasz los, \u017ce i wtedy trzeba co\u015b poradzi\u0107&#8230;<\/p>\n<p>No dobrze. A teraz mog\u0119 wreszcie spokojnie zasn\u0105\u0107&#8230;<\/p>\n","protected":false},"excerpt":{"rendered":"<p>Przystanek ulokowano &#8230;<\/p>\n","protected":false},"author":1,"featured_media":0,"comment_status":"open","ping_status":"open","sticky":false,"template":"","format":"standard","meta":{"footnotes":""},"categories":[27],"tags":[435,532,166],"_links":{"self":[{"href":"http:\/\/niecodziennosc.kubic.info\/index.php?rest_route=\/wp\/v2\/posts\/7414"}],"collection":[{"href":"http:\/\/niecodziennosc.kubic.info\/index.php?rest_route=\/wp\/v2\/posts"}],"about":[{"href":"http:\/\/niecodziennosc.kubic.info\/index.php?rest_route=\/wp\/v2\/types\/post"}],"author":[{"embeddable":true,"href":"http:\/\/niecodziennosc.kubic.info\/index.php?rest_route=\/wp\/v2\/users\/1"}],"replies":[{"embeddable":true,"href":"http:\/\/niecodziennosc.kubic.info\/index.php?rest_route=%2Fwp%2Fv2%2Fcomments&post=7414"}],"version-history":[{"count":0,"href":"http:\/\/niecodziennosc.kubic.info\/index.php?rest_route=\/wp\/v2\/posts\/7414\/revisions"}],"wp:attachment":[{"href":"http:\/\/niecodziennosc.kubic.info\/index.php?rest_route=%2Fwp%2Fv2%2Fmedia&parent=7414"}],"wp:term":[{"taxonomy":"category","embeddable":true,"href":"http:\/\/niecodziennosc.kubic.info\/index.php?rest_route=%2Fwp%2Fv2%2Fcategories&post=7414"},{"taxonomy":"post_tag","embeddable":true,"href":"http:\/\/niecodziennosc.kubic.info\/index.php?rest_route=%2Fwp%2Fv2%2Ftags&post=7414"}],"curies":[{"name":"wp","href":"https:\/\/api.w.org\/{rel}","templated":true}]}}