{"id":7426,"date":"2015-01-23T01:26:05","date_gmt":"2015-01-23T00:26:05","guid":{"rendered":"http:\/\/niecodziennosc.kubic.info\/index.php\/2015\/01\/23\/szkoda-ze-mezczyzni-nie-placza\/"},"modified":"2015-01-23T01:26:05","modified_gmt":"2015-01-23T00:26:05","slug":"szkoda-ze-mezczyzni-nie-placza","status":"publish","type":"post","link":"http:\/\/niecodziennosc.kubic.info\/?p=7426","title":{"rendered":"Szkoda, \u017ce m\u0119\u017cczy\u017ani nie p\u0142acz\u0105"},"content":{"rendered":"<p>To g\u0142upie, \u017ce <em>m\u0119\u017cczy\u017ani nie p\u0142acz\u0105<\/em>. Chcia\u0142bym czasem zap\u0142aka\u0107 tak, jak Beniamin, kiedy nie starcza mu si\u0142, \u017ceby krzycze\u0107. Omin\u0105\u0107 faz\u0119 krzyku. Albo dostawa\u0107 tak mocno po g\u0142owie, \u017ceby nie buntowa\u0107 si\u0119, nie protestowa\u0107, co wa\u017cniejsze &#8211; nie udowadnia\u0107, \u017ce ma si\u0119 racj\u0119. Bo c\u00f3\u017c znaczy: racja. To najmniej po\u017cyteczna rzecz, jak\u0105 mo\u017cna posiada\u0107.<\/p>\n<p><img fetchpriority=\"high\" decoding=\"async\" src=\"wp-content\/uploads\/2019\/03\/Krakow_noca_fotPiotrKubic_MG_8972.jpg\" alt=\"ul. Dunajewskiego, Krak\u00f3w, fot. Piotr Kubic\" width=\"500\" height=\"333\" \/><\/p>\n<p>Tkwi\u0107 w sytuacjach nierozwi\u0105zanych i jednocze\u015bnie oddycha\u0107, to majstersztyk. Nie sta\u0107 si\u0119 oboj\u0119tnym, ale i nie przej\u0105\u0107 si\u0119 tak, by straci\u0107 oddech.<\/p>\n<p>W mie\u015bcie, noc\u0105, mo\u017cna odetchn\u0105\u0107. Na pustoszej\u0105cych ulicach. Mokry po deszczu bruk i asfalt odbijaj\u0105 neony, stopy brn\u0105 w \u015bwietlistej po\u015bwiacie, jakby nie dotyka\u0142y twardej, ziemskiej powierzchni. Tylko unosi\u0142y si\u0119 wy\u017cej, jak wysoko, tego nikt nie wie, albo raczej &#8211; jak g\u0142\u0119boki pod nimi ten puch \u015bwietlisty.<\/p>\n<p><img decoding=\"async\" src=\"wp-content\/uploads\/2019\/03\/Krakow_noca_fotPiotrKubic_MG_8966.jpg\" alt=\"ul. Bronowicka, Krak\u00f3w, fot. Piotr Kubic\" width=\"500\" height=\"333\" \/><\/p>\n<p>Motorniczy na ko\u0144cowym przystanku uchyli\u0142 drzwiczki i zapyta\u0142 mnie, czy widzia\u0142em, gdzie wysiad\u0142 cz\u0142owiek w kapturze, z p\u0142\u00f3cienn\u0105 siatk\u0105. Powiedzia\u0142em, \u017ce nie zauwa\u017cy\u0142em. Rzeczywi\u015bcie, jeszcze trzy przystanki wcze\u015bniej siedzia\u0142 w trzecim rz\u0119dzie od ko\u0144ca. Potem wsta\u0142 i mia\u0142em wra\u017cenie, \u017ce wysi\u0105dzie z grup\u0105 pasa\u017cer\u00f3w. Ale nie wysiad\u0142. Pami\u0119tam, \u017ce zapatrzy\u0142em si\u0119 na odbijaj\u0105c\u0105 si\u0119 w mokrym chodniku reklam\u0119 salonu po lewej stronie ulicy. Filetowy kolor by\u0142 tak intensywny, \u017ce zdawa\u0142 si\u0119 prze\u015bwietla\u0107 jak promieniami rentgena cienkie i grubsze ga\u0142\u0105zki bezlistnych o tej porze krzew\u00f3w. Na kolejnym przystanku nikt nie wysiad\u0142, powiedzia\u0142 motorniczy, bo \u017cadne z drzwi nie zosta\u0142y otwarte. Motorniczy pokaza\u0142 r\u0119k\u0105 na pulpit, gdzie pali\u0142y si\u0119 r\u00f3\u017cne \u015bwiate\u0142ka &#8211; zauwa\u017cy\u0142bym.<\/p>\n<p>Powiedzia\u0142em, \u017ce mo\u017ce ci\u0105gle jest w tramwaju, tylko schowa\u0142 si\u0119 za fotel, albo jest za przegubowym przej\u015bciem. Nie by\u0142o go. Zapyta\u0142em, czy nie mo\u017cna przegl\u0105dn\u0105\u0107 zapisu z kamer monitoringu. Motorniczy powiedzia\u0142 mi wtedy, \u017ce robi\u0142 to ju\u017c kilka razy, kiedy widzia\u0142 tego go\u015bcia. \u017be cz\u0119sto staje on przy oknie i odsuwa delikatnie jedn\u0105 szyb\u0119, aby powsta\u0142a ma\u0142a szczelina. I kiedy tramwaj jest w najwi\u0119kszym p\u0119dzie, cz\u0142owiek ten nabiera oddech za oddechem, lecz spokojnie, bez po\u015bpiechu, twarz ma przy tym nieruchom\u0105 i bez \u017cadnych uczu\u0107. Potem, mi\u0119dzy trzecim przystankiem a ko\u0144cem trasy, cz\u0142owiek ten wysiada, tylko trudno zaobserwowa\u0107 gdzie. Na pewno wysiada drzwiami, przecie\u017c nie ma innej mo\u017cliwo\u015bci. Przypuszczenie, \u017ce przeciska si\u0119 przez okno jest przecie\u017c niedorzeczne. Po prostu znika, jako ostatni pasa\u017cer, zanim tramwaj wtoczy si\u0119 na torowisko p\u0119tli, zanim otworzy wszystkie drzwi, zanim je zamknie i ustawi w kolejce do nast\u0119pnej trasy.<\/p>\n<p><img decoding=\"async\" src=\"wp-content\/uploads\/2019\/03\/Krakow_noca_fotPiotrKubic_MG_8971.jpg\" alt=\"Krak\u00f3w noc\u0105 fot. Piotr Kubic\" width=\"500\" height=\"333\" \/><\/p>\n","protected":false},"excerpt":{"rendered":"<p>To g\u0142upie, \u017ce &#8230;<\/p>\n","protected":false},"author":1,"featured_media":0,"comment_status":"open","ping_status":"open","sticky":false,"template":"","format":"standard","meta":{"footnotes":""},"categories":[27],"tags":[646,339,413,558,871,112,881],"_links":{"self":[{"href":"http:\/\/niecodziennosc.kubic.info\/index.php?rest_route=\/wp\/v2\/posts\/7426"}],"collection":[{"href":"http:\/\/niecodziennosc.kubic.info\/index.php?rest_route=\/wp\/v2\/posts"}],"about":[{"href":"http:\/\/niecodziennosc.kubic.info\/index.php?rest_route=\/wp\/v2\/types\/post"}],"author":[{"embeddable":true,"href":"http:\/\/niecodziennosc.kubic.info\/index.php?rest_route=\/wp\/v2\/users\/1"}],"replies":[{"embeddable":true,"href":"http:\/\/niecodziennosc.kubic.info\/index.php?rest_route=%2Fwp%2Fv2%2Fcomments&post=7426"}],"version-history":[{"count":0,"href":"http:\/\/niecodziennosc.kubic.info\/index.php?rest_route=\/wp\/v2\/posts\/7426\/revisions"}],"wp:attachment":[{"href":"http:\/\/niecodziennosc.kubic.info\/index.php?rest_route=%2Fwp%2Fv2%2Fmedia&parent=7426"}],"wp:term":[{"taxonomy":"category","embeddable":true,"href":"http:\/\/niecodziennosc.kubic.info\/index.php?rest_route=%2Fwp%2Fv2%2Fcategories&post=7426"},{"taxonomy":"post_tag","embeddable":true,"href":"http:\/\/niecodziennosc.kubic.info\/index.php?rest_route=%2Fwp%2Fv2%2Ftags&post=7426"}],"curies":[{"name":"wp","href":"https:\/\/api.w.org\/{rel}","templated":true}]}}