{"id":7427,"date":"2015-01-21T10:10:42","date_gmt":"2015-01-21T09:10:42","guid":{"rendered":"http:\/\/niecodziennosc.kubic.info\/index.php\/2015\/01\/21\/co-u-mnie\/"},"modified":"2015-01-21T10:10:42","modified_gmt":"2015-01-21T09:10:42","slug":"co-u-mnie","status":"publish","type":"post","link":"http:\/\/niecodziennosc.kubic.info\/?p=7427","title":{"rendered":"Co u mnie"},"content":{"rendered":"<p>Sara od niedzieli jest na bia\u0142ej szkole. Pierwszy raz. Przez pierwsze dwa dni by\u0142o tam co\u015b nie tak. Nie chcia\u0142a o tym rozmawia\u0107 przez telefon, zreszt\u0105 by\u0142o trudno rozmawia\u0107, gdy\u017c ma k\u0142opoty z zasi\u0119giem. Zda\u0142em sobie spraw\u0119, \u017ce b\u0119dzie sama rozwi\u0105zywa\u0107 problemy i szuka\u0107 swojej drogi. To \u015bwietnie, byle tylko da\u0142a zna\u0107, gdyby zdarzy\u0142o si\u0119 co\u015b naprawd\u0119 z\u0142ego.<\/p>\n<p>Mia\u0142em sen, w kt\u00f3rym widz\u0119 Sar\u0119 po powrocie. Siedzimy przy stole, chyba przy posi\u0142ku, rozmawiamy. Przygl\u0105dam si\u0119 jej twarzy i widz\u0119, \u017ce to ju\u017c nie jest ta sama osoba. Sta\u0142a si\u0119 doro\u015blejsza w wyrazie, troch\u0119 wi\u0119cej w niej zastanowienia, powstrzymania. A nawet same rysy s\u0105 troch\u0119 inne, mniej okr\u0105g\u0142e&#8230;<\/p>\n<p>Czytam &#8222;Jaspisk\u0105 wol\u0119&#8221; Ewy Szumowskiej. Odstawi\u0142em inne ksi\u0105\u017cki, ta ma pierwsze\u0144stwo. Widz\u0119, \u017ce jest to powie\u015b\u0107 ewangeliczna. Ciesz\u0119 si\u0119, bo tego w\u0142a\u015bnie mi brakuje w moim kr\u0119gu &#8211; odniesienia do prostej rzeczywisto\u015bci. Prostego odniesienia (kt\u00f3re przecie\u017c nie jest proste) do prostej rzeczywisto\u015bci (kt\u00f3ra te\u017c nie jest prosta, jaka by nie by\u0142a). <\/p>\n","protected":false},"excerpt":{"rendered":"<p>Sara od niedzieli &#8230;<\/p>\n","protected":false},"author":1,"featured_media":0,"comment_status":"open","ping_status":"open","sticky":false,"template":"","format":"standard","meta":{"footnotes":""},"categories":[50],"tags":[339,532,880,70,166],"_links":{"self":[{"href":"http:\/\/niecodziennosc.kubic.info\/index.php?rest_route=\/wp\/v2\/posts\/7427"}],"collection":[{"href":"http:\/\/niecodziennosc.kubic.info\/index.php?rest_route=\/wp\/v2\/posts"}],"about":[{"href":"http:\/\/niecodziennosc.kubic.info\/index.php?rest_route=\/wp\/v2\/types\/post"}],"author":[{"embeddable":true,"href":"http:\/\/niecodziennosc.kubic.info\/index.php?rest_route=\/wp\/v2\/users\/1"}],"replies":[{"embeddable":true,"href":"http:\/\/niecodziennosc.kubic.info\/index.php?rest_route=%2Fwp%2Fv2%2Fcomments&post=7427"}],"version-history":[{"count":0,"href":"http:\/\/niecodziennosc.kubic.info\/index.php?rest_route=\/wp\/v2\/posts\/7427\/revisions"}],"wp:attachment":[{"href":"http:\/\/niecodziennosc.kubic.info\/index.php?rest_route=%2Fwp%2Fv2%2Fmedia&parent=7427"}],"wp:term":[{"taxonomy":"category","embeddable":true,"href":"http:\/\/niecodziennosc.kubic.info\/index.php?rest_route=%2Fwp%2Fv2%2Fcategories&post=7427"},{"taxonomy":"post_tag","embeddable":true,"href":"http:\/\/niecodziennosc.kubic.info\/index.php?rest_route=%2Fwp%2Fv2%2Ftags&post=7427"}],"curies":[{"name":"wp","href":"https:\/\/api.w.org\/{rel}","templated":true}]}}