{"id":7428,"date":"2015-01-19T23:52:03","date_gmt":"2015-01-19T22:52:03","guid":{"rendered":"http:\/\/niecodziennosc.kubic.info\/index.php\/2015\/01\/19\/ktos-inny\/"},"modified":"2015-01-19T23:52:03","modified_gmt":"2015-01-19T22:52:03","slug":"ktos-inny","status":"publish","type":"post","link":"http:\/\/niecodziennosc.kubic.info\/?p=7428","title":{"rendered":"&#8222;Kto\u015b inny&#8221;"},"content":{"rendered":"<p>Stoi z boku i spokojnie patrzy, jak pi\u0119trz\u0105 si\u0119 jego zadania &#8222;na dzi\u015b&#8221;. Ba, nie &#8222;na dzi\u015b&#8221;, ale &#8222;na wczoraj&#8221;. Jego osi\u0105gni\u0119ciem ostatnich lat jest ten w\u0142a\u015bnie spok\u00f3j. Pracowa\u0142, by go osi\u0105gn\u0105\u0107, przez lata, a w zasadzie pracowa\u0142y za niego okoliczno\u015bci &#8211; przewlek\u0142a choroba, stany omdle\u0144, blokady kr\u0119gos\u0142upa, a tak\u017ce okresowe pojawianie si\u0119 waty w m\u00f3zgu. Substancji, kt\u00f3ra najwyra\u017aniej zajmowa\u0142a miejsce wewn\u0105trz czaszki, podczas gdy jej w\u0142a\u015bciciel wynosi\u0142 si\u0119, wyprowadza\u0142, ju\u017c nawet nie wkurzony i w\u015bciek\u0142y, tylko odr\u0119twia\u0142y, bo mu wszystko jedno, byle da\u0107 mu spok\u00f3j.<\/p>\n<p>Gdzie\u015b wewn\u0105trz, mi\u0119dzy klatk\u0105 piersiow\u0105 a jam\u0105 brzuszn\u0105 rozpala si\u0119 wulkan, ale ju\u017c nie kipi. Nie wybuchnie. Nasz bohater wspomina teraz, \u017ce ciotka, a jeszcze wcze\u015bniej &#8211; jej matka, czyli jego babcia &#8211; mia\u0142y takie ulubione powiedzenie: &#8222;wyj\u015b\u0107 z siebie&#8221; i &#8222;stan\u0105\u0107 obok&#8221;. Gdy by\u0142 dzieckiem rozumia\u0142 je tak, \u017ce oznacza\u0142o ono maksymalny poziom sza\u0142u, furii, pasji i bezradno\u015bci jednocze\u015bnie. Ale myli\u0142 si\u0119 wtedy, a mo\u017ce si\u0119 nie myli\u0142, lecz z czasem dostrzeg\u0142 zupe\u0142nie inn\u0105 stron\u0119 &#8222;wyj\u015bcia z siebie i stani\u0119cia obok&#8221;. Stron\u0119 pi\u0119kn\u0105 i pozytywn\u0105. Stron\u0119, kt\u00f3ra jest wspania\u0142ym rozwi\u0105zaniem problem\u00f3w zdaj\u0105cych si\u0119 nie do rozwi\u0105zania.<\/p>\n<p>&#8222;Wyj\u015b\u0107 z siebie i stan\u0105\u0107 obok&#8221; i ju\u017c mo\u017cna by\u0107 spokojnym, a nawet patrze\u0107, jak rzeczy zwalaj\u0105 si\u0119 na g\u0142ow\u0119 &#8222;tego obok&#8221;, a &#8222;nie moj\u0105&#8221;. C\u00f3\u017c z tego, \u017ce g\u0142owa &#8222;tego obok&#8221; wydaje si\u0119 &#8222;moja&#8221;, ale ju\u017c nie tak ca\u0142kiem moja, bo w cudzys\u0142owie przecie\u017c. Mo\u017cna &#8222;temu obok&#8221; wsp\u00f3\u0142czu\u0107, mo\u017cna nawet pom\u00f3c, ale i mo\u017cna zaniecha\u0107 pomocy, gdy stan staje si\u0119 beznadziejny. Z czystym sumieniem. Przy odrobinie wprawy mo\u017cna mu pozwoli\u0107 nawet umrze\u0107. Zreszt\u0105 wszyscy kiedy\u015b umrzemy.\u00a0 Wtedy te\u017c mo\u017cna stan\u0105\u0107 obok, niekt\u00f3rzy o tym opowiadaj\u0105, bo potem zn\u00f3w powr\u00f3cili do siebie, cho\u0107 nie spodziewali si\u0119 tego.\u00a0<\/p>\n<p>&#8222;Wyj\u015bcie z siebie&#8221; pozwala te\u017c dokona\u0107 rzeczy, kt\u00f3rych nigdy nie zrobiliby\u015bmy, b\u0119d\u0105c tak po prostu &#8222;u siebie&#8221;. Pocz\u0105wszy od wizyty u dentysty sko\u0144czywszy na&#8230; w\u0142a\u015bnie nie wiadomo na czym, bo lista misji, kt\u00f3re jeste\u015bmy w stanie spe\u0142ni\u0107, je\u015bli tylko pomy\u015blimy, \u017ce to nie my je spe\u0142niamy, tylko kto\u015b inny, kto\u015b podobny do nas, taka lista nie ma chyba ogranicze\u0144. Wyg\u0142osi\u0107 mow\u0119 przed wielotysi\u0119cznym t\u0142umem, wedrze\u0107 si\u0119 do pa\u0142acu prezydenta, zgromadzi\u0107 fundusze na ratunek chorego dziecka, zagra\u0107 w filmie, napisa\u0107 ksi\u0105\u017ck\u0119, no nie wiem co jeszcze, mo\u017ce op\u0142yn\u0105\u0107 \u015bwiat &#8211; czasem przychodzi \u0142atwiej, gdy to &#8222;nie my&#8221;, to &#8222;kto\u015b inny&#8221;. Wiadomo, \u017ce adwokatowa\u0107 \u0142atwiej w czyjej\u015b sprawie zamiast w swojej&#8230;<\/p>\n<p>\u00a0<\/p>\n<p>\u00a0<img fetchpriority=\"high\" decoding=\"async\" src=\"wp-content\/uploads\/2019\/03\/podworko_F1A4727fotPiotrKubic.jpg\" alt=\"Ma\u0142omiasteczkowe podw\u00f3rko, fot. Piotr Kubic\" width=\"500\" height=\"333\" \/><\/p>\n<p>Oto widok, do kt\u00f3rego wracam. Zdj\u0119cie powsta\u0142o gdy sta\u0142em na przystanku, czekaj\u0105c na autobus, w drodze do pracy. &#8222;Wyszed\u0142em z siebie&#8221;, podczas gdy zwyk\u0142y &#8222;ja&#8221; pozosta\u0142 nadal na przystanku. Przeszed\u0142em na drug\u0105 stron\u0119 ulicy, stan\u0105\u0142em na kawa\u0142ku betonu wystaj\u0105cym z trawnika, zdj\u0105\u0142em jedn\u0105 szelk\u0119 plecaka i odsun\u0105\u0142em zamek. Wyci\u0105gn\u0105\u0142em aparat fotograficzny. Wszystko to na oczach mnie samego, kt\u00f3ry sta\u0142 na przystanku i puka\u0142 si\u0119 w czo\u0142o (ale tak, aby inni czekaj\u0105cy tego nie widzieli), bo co tu fotografowa\u0107? Wielu ludzi, co dzie\u0144, kt\u00f3rzy st\u0105d odje\u017cd\u017caj\u0105, widzi te \u015blepe \u015bciany z brudnym tynkiem, brudnymi ceg\u0142ami tam, gdzie nie ma tynku, zwisaj\u0105cymi kablami i puste podw\u00f3rze o zmarnowanej przestrzeni. Nie, tego nikt nie widzi, nawet tam nie patrzy, bo nie tylko nie ma tu nic ciekawego, a wr\u0119cz to smutne, nieuporz\u0105dkowane, biedne, \u017cenuj\u0105ce, ohydne.<\/p>\n<p>Ale nie dla mnie &#8211; nie dla tego, kt\u00f3ry wyci\u0105gn\u0105\u0142 aparat i kadruje, chc\u0105c jak najlepiej odda\u0107 czar. Wyobra\u017cam sobie, \u017ce mam pi\u0119\u0107 lat, staj\u0119 pod najwi\u0119ksz\u0105 \u015bcian\u0105 i patrz\u0119 w g\u00f3r\u0119. I stoj\u0119 wobec ogromu, i nie ma znaczenia, \u017ce to nie Rysy, Mount Blanc czy Czomolungma &#8211; ja czuj\u0119 ogrom.\u00a0 &#8222;Wychodz\u0105c z siebie&#8221; sta\u0142em si\u0119 wolny i \u015bmiej\u0119 si\u0119 z tego &#8222;siebie&#8221;, kt\u00f3ry pozosta\u0142 pod wiat\u0105. Nawet si\u0119 nie \u015bmiej\u0119, wi\u0119cej, mam go gdzie\u015b &#8211; te obawy, brak zdecydowania, kompleksy, ostro\u017cno\u015b\u0107, lenistwo i ignorancj\u0119. Ciekawe, bo mam przeczucie, \u017ce podobne &#8222;wyj\u015bcie z siebie&#8221; proponowa\u0142 Chrystus.<\/p>\n","protected":false},"excerpt":{"rendered":"<p>Stoi z boku i &#8230;<\/p>\n","protected":false},"author":1,"featured_media":0,"comment_status":"open","ping_status":"open","sticky":false,"template":"","format":"standard","meta":{"footnotes":""},"categories":[27],"tags":[413,327],"_links":{"self":[{"href":"http:\/\/niecodziennosc.kubic.info\/index.php?rest_route=\/wp\/v2\/posts\/7428"}],"collection":[{"href":"http:\/\/niecodziennosc.kubic.info\/index.php?rest_route=\/wp\/v2\/posts"}],"about":[{"href":"http:\/\/niecodziennosc.kubic.info\/index.php?rest_route=\/wp\/v2\/types\/post"}],"author":[{"embeddable":true,"href":"http:\/\/niecodziennosc.kubic.info\/index.php?rest_route=\/wp\/v2\/users\/1"}],"replies":[{"embeddable":true,"href":"http:\/\/niecodziennosc.kubic.info\/index.php?rest_route=%2Fwp%2Fv2%2Fcomments&post=7428"}],"version-history":[{"count":0,"href":"http:\/\/niecodziennosc.kubic.info\/index.php?rest_route=\/wp\/v2\/posts\/7428\/revisions"}],"wp:attachment":[{"href":"http:\/\/niecodziennosc.kubic.info\/index.php?rest_route=%2Fwp%2Fv2%2Fmedia&parent=7428"}],"wp:term":[{"taxonomy":"category","embeddable":true,"href":"http:\/\/niecodziennosc.kubic.info\/index.php?rest_route=%2Fwp%2Fv2%2Fcategories&post=7428"},{"taxonomy":"post_tag","embeddable":true,"href":"http:\/\/niecodziennosc.kubic.info\/index.php?rest_route=%2Fwp%2Fv2%2Ftags&post=7428"}],"curies":[{"name":"wp","href":"https:\/\/api.w.org\/{rel}","templated":true}]}}