{"id":7432,"date":"2014-12-30T09:47:35","date_gmt":"2014-12-30T08:47:35","guid":{"rendered":"http:\/\/niecodziennosc.kubic.info\/index.php\/2014\/12\/30\/male-szalenstwo-czasem\/"},"modified":"2014-12-30T09:47:35","modified_gmt":"2014-12-30T08:47:35","slug":"male-szalenstwo-czasem","status":"publish","type":"post","link":"http:\/\/niecodziennosc.kubic.info\/?p=7432","title":{"rendered":"Ma\u0142e szale\u0144stwo czasem"},"content":{"rendered":"<p>Opowiem Wam o moim ma\u0142ym szale\u0144stwie, kt\u00f3re pope\u0142ni\u0142em przed \u015bwi\u0119tami.<\/p>\n<p>By\u0142a niedziela. Jak to w niedziel\u0119, nierzadko cz\u0142owiek taki jak ty i ja mamy wi\u0119cej czasu, mniej stresu i czasem my\u015blimy o przysz\u0142o\u015bci. W trakcie moich rozmy\u015bla\u0144 nad tym, co b\u0119d\u0119 robi\u0142 w Rumunii, bo ju\u017c wiedzia\u0142em, \u017ce jedziemy, pojawia\u0142a si\u0119 nag\u0142a, cho\u0107 przecie\u017c oczywista decyzja, \u017ce b\u0119d\u0119 tam robi\u0142 zdj\u0119cia. Bo przecie\u017c p\u00f3\u0142tora roku temu fotografowa\u0142em i powsta\u0142 ca\u0142y zestaw fotografii ulicznej.<\/p>\n<p>Tamto fotografowanie okupione by\u0142o stresem o aparat fotograficzny. By\u0142 to ten, kt\u00f3rym robi\u0142em wszystkie inne zdj\u0119cia. Gdybym go uszkodzi\u0142 lub straci\u0142\u00a0 (ma si\u0119 rozumie\u0107 wraz z obiektywem), co na ulicy jest o wiele bardziej prawdopodobne ni\u017c np. w studiu fotograficznym, by\u0142by to du\u017cy problem. Tym razem mam w r\u0119ku now\u0105 maszyn\u0119, o wiele lepsz\u0105 ale te\u017c&#8230; dro\u017csz\u0105. Niestety.<\/p>\n<p>Fotografowanie uliczne nie znosi stresu, a ju\u017c staje si\u0119 fars\u0105, kiedy ten stres daje po sobie pozna\u0107 fotograf. Bo musi on by\u0107 rozlu\u017aniony nie tylko &#8222;za siebie&#8221;, \u017ce tak powiem, ale r\u00f3wnie\u017c za ludzi, kt\u00f3rych spotyka i kt\u00f3rym chce pstrykn\u0105\u0107 fotk\u0119. Powinien by\u0107 na tyle beztroski, spokojny, powinien by\u0107 nieszkodliwym lekkoduchem aby przekona\u0107 ludzi wok\u00f3\u0142 siebie, \u017ce przecie\u017c zrobienie im zdj\u0119cia to nie jest w zasadzie nic, po prostu <em>takie sobie<\/em>, zabawa, przyjemno\u015b\u0107, no ma\u0142a uatrakcyjnienie im \u017cycia na nudnej, codziennej ulicy. Powinien da\u0107 im do zrozumienia, oczywi\u015bcie bez s\u0142\u00f3w, \u017ce wcale nie robi im nic z\u0142ego. Bo przecie\u017c nie robi(!)<\/p>\n<p>Skoro wi\u0119c fotograf b\u0119dzie nerwowo prze\u0142yka\u0142 \u015blin\u0119 i my\u015bla\u0142 o tym, czy z ty\u0142u nie zbli\u017ca si\u0119 jaki\u015b \u017cyczliwy przechodzie\u0144, kt\u00f3ry mu niespodziewanie wyrwie z r\u0119ki aparat, to \u017cegnajcie dobre zdj\u0119cia. To ju\u017c lepiej nie wychodzi\u0107 na ulic\u0119.<\/p>\n<p>My\u015bl moja zwr\u00f3ci\u0142a si\u0119 w stron\u0119 zakupu nowego, taniego aparatu. Najlepiej, gdyby mia\u0142 prosty obiektyw, bez zoom, o ogniskowej 35 mm. Musia\u0142aby to by\u0107 np. bezlusterkowa cyfr\u00f3wka z wymiennymi obiektywami. Szybki rzut oka na sklepy internetowe da\u0142 mi do zrozumienia, \u017ce koszt z pewno\u015bci\u0105 b\u0119dzie wy\u017cszy ni\u017c dwa tysi\u0105ce. Niedobrze. <\/p>\n<p>W szafie, kt\u00f3rej dawno nie otwiera\u0142em, jest torba z aparatem Zenit 12xp. By\u0142y w niej trzy obiektywy, mi\u0119dzy innymi Pentacon 29 mm. Od biedy by si\u0119 nada\u0142. A jednak nie mog\u0142em go znale\u017a\u0107. Widocznie zmieni\u0142 w mi\u0119dzyczasie w\u0142a\u015bciciela. Znalaz\u0142em jednak przej\u015bci\u00f3wk\u0119 pozwalaj\u0105c\u0105 za\u0142o\u017cy\u0107 obiektyw od Zenita (z gwintem M42) do Canona (bagnet). M\u00f3j stary Canon 5D le\u017cy sobie na p\u00f3\u0142ce, m\u00f3g\u0142by wi\u0119c wr\u00f3ci\u0107 do akcji.<\/p>\n<p>Poszed\u0142em na skr\u00f3ty. Wpisa\u0142em w wyszukiwark\u0119 has\u0142o &#8222;kultowy obiektyw M42&#65279; 35 mm &#8221; i na jednej z pierwszych pozycji otrzyma\u0142em pewien artyku\u0142 w internecie, opowiadaj\u0105cy o obiektywie&#8230; Carl Zeiss Jena Flektogon 35 mm. Cena&#8230; 300 z\u0142.<\/p>\n<p>Dobra, teraz Allegro. S\u0105 dwa takie obiektywy, jeden w Cz\u0119stochowie, drugi w Toruniu. Jest niedziela, gdybym zam\u00f3wi\u0142 jutro rano, kurier pewnie dowiezie przed \u015bwi\u0119tami, czyli przed naszym wyjazdem. Ale chcia\u0142bym je mie\u0107 w r\u0119ku zanim kupi\u0119. Mo\u017ce w Krakowie uda si\u0119 znale\u017a\u0107? W poniedzia\u0142ek dzwoni\u0119 do krakowskich komis\u00f3w, ale tam pustki. \u017badnego obiektywu w okolicach 35 mm. Pozostaje wi\u0119c Cz\u0119stochowa. Dzwoni\u0119, rezerwuj\u0119 i we wtorek rano jad\u0119. Trafiam do nowo wybudowanego biurowca gdzie\u015b na bocznej uliczce, w\u015br\u00f3d niskiej starej zabudowy. W biurowcu &#8211; zwyk\u0142y biurowy korytarz. Otwieram drzwi od pokoju. Widz\u0119 dwa stoliki. Nie widz\u0119 okna, bo zas\u0142aniaj\u0105 go stoj\u0105ce za stolikami szafy. Jest ich kilka. &#8222;Sporo ma pan obiektyw\u00f3w&#8221; m\u00f3wi\u0119 do sprzedaj\u0105cego. &#8222;Zebra\u0142o si\u0119. W tym momencie siedemset sztuk&#8221;.<\/p>\n<p>Mam Flektogona. T\u0119 ta\u0144sz\u0105 wersj\u0119, ze \u015bwiat\u0142em 2.8. Dro\u017csza wygl\u0105da lepiej i ma \u015bwiat\u0142o 2.4. Na wygl\u0105dzie mi nie zale\u017cy, wprost przeciwnie, im gorzej tym lepiej. Wa\u017cny jest obraz. A musz\u0119 przypomnie\u0107 sobie, jak si\u0119 ostrzy r\u0119cznie. W og\u00f3le b\u0119d\u0119 pracowa\u0142 r\u0119cznie, bo nawet gdybym chcia\u0142, to ekspozycji m\u00f3j Canon mi nie ustawi &#8211; Flektogon posiada jedynie automatyczne przymykanie przys\u0142ony, ale w przypadku przej\u015bci\u00f3wki, kt\u00f3rej musz\u0119 u\u017cy\u0107, nawet to przymykanie nie dzia\u0142a (przys\u0142ona zamykana jest na sta\u0142e, w momencie przekr\u0119cenia pier\u015bcienia).<\/p>\n<p>Zaczynam si\u0119 uczy\u0107. Wiem, \u017ce mo\u017cna opanowa\u0107 manualn\u0105 obs\u0142ug\u0119 tak, \u017ce nie b\u0119dzie to przeszkod\u0105. I jestem zaskoczony rezultatami. Okazuje si\u0119, \u017ce w wielu sytuacjach r\u0119czne ustawianie ostro\u015bci jest lepsze i szybsze, ni\u017c przez autofokus. Odkry\u0142em, \u017ce mo\u017cna ustawia\u0107 ostro\u015b\u0107 wcze\u015bniej, planuj\u0105c kadr. Np. widz\u0119 sytuacj\u0119, kt\u00f3r\u0105 chc\u0119 sfotografowa\u0107. Planuj\u0119 odleg\u0142o\u015b\u0107 i ustawiam np. 2 metry na obiektywie. Potem pilnuj\u0119 tylko, aby znale\u017a\u0107 si\u0119 2 metry przed obiektem. W ten spos\u00f3b mog\u0119 zrobi\u0107 ostre zdj\u0119cie mijanym osobom, podczas gdy ka\u017cdy autofokus b\u0119dzie mia\u0142 z tym problem i raczej polegnie. <\/p>\n<p>Poza tym Flektogon niesamowicie rysuje&#8230; Wystarczy przymkn\u0105\u0107 obiektyw do f4, a przy f5.6 rezultaty mnie zadziwiaj\u0105.<\/p>\n<p><img fetchpriority=\"high\" decoding=\"async\" src=\"wp-content\/uploads\/2019\/03\/_MG_8412_Rumuniaulica.jpg\" alt=\"Romania, street fot Piotr Kubic\" width=\"500\" height=\"333\" \/><\/p>\n<p>Pojawi\u0142y si\u0119 i problemy. Przy ustawieniu ostro\u015bci na niesko\u0144czono\u015b\u0107 lustro delikatnie zahacza\u0142o o obiektyw. Zbada\u0142em w kt\u00f3rym miejscu i dokona\u0142em milimetrowej rzezi przy pomocy pilnika, kt\u00f3ry dostarczy\u0142 mi te\u015b\u0107. Okaza\u0142o si\u0119 te\u017c, \u017ce przy zablokowanym bolcu przys\u0142ony (z powodu przej\u015bci\u00f3wki) przys\u0142ona niech\u0119tnie domyka si\u0119 powy\u017cej f8. Wystarczy jednak poruszy\u0107 lekko pier\u015bcieniem odleg\u0142o\u015bci, a przys\u0142ona wskoczy na s&#65279;woje miejsce.<\/p>\n<p>Tak wi\u0119c dzia\u0142am! Bez stresu, z nowym, ciekawym sprz\u0119tem, ucz\u0105c si\u0119 czego\u015b nowego. To ma\u0142y, nowy rozdzia\u0142 w mojej fotografii.\u00a0<\/p>\n<p><img decoding=\"async\" src=\"wp-content\/uploads\/2019\/03\/_MG_8434Rumunia_ulica.jpg\" alt=\"Romania, street fot Piotr Kubic\" width=\"500\" height=\"333\" \/><\/p>\n<p>&#65279;<\/p>\n","protected":false},"excerpt":{"rendered":"<p>Opowiem Wam o moim &#8230;<\/p>\n","protected":false},"author":1,"featured_media":0,"comment_status":"open","ping_status":"open","sticky":false,"template":"","format":"standard","meta":{"footnotes":""},"categories":[35],"tags":[339],"_links":{"self":[{"href":"http:\/\/niecodziennosc.kubic.info\/index.php?rest_route=\/wp\/v2\/posts\/7432"}],"collection":[{"href":"http:\/\/niecodziennosc.kubic.info\/index.php?rest_route=\/wp\/v2\/posts"}],"about":[{"href":"http:\/\/niecodziennosc.kubic.info\/index.php?rest_route=\/wp\/v2\/types\/post"}],"author":[{"embeddable":true,"href":"http:\/\/niecodziennosc.kubic.info\/index.php?rest_route=\/wp\/v2\/users\/1"}],"replies":[{"embeddable":true,"href":"http:\/\/niecodziennosc.kubic.info\/index.php?rest_route=%2Fwp%2Fv2%2Fcomments&post=7432"}],"version-history":[{"count":0,"href":"http:\/\/niecodziennosc.kubic.info\/index.php?rest_route=\/wp\/v2\/posts\/7432\/revisions"}],"wp:attachment":[{"href":"http:\/\/niecodziennosc.kubic.info\/index.php?rest_route=%2Fwp%2Fv2%2Fmedia&parent=7432"}],"wp:term":[{"taxonomy":"category","embeddable":true,"href":"http:\/\/niecodziennosc.kubic.info\/index.php?rest_route=%2Fwp%2Fv2%2Fcategories&post=7432"},{"taxonomy":"post_tag","embeddable":true,"href":"http:\/\/niecodziennosc.kubic.info\/index.php?rest_route=%2Fwp%2Fv2%2Ftags&post=7432"}],"curies":[{"name":"wp","href":"https:\/\/api.w.org\/{rel}","templated":true}]}}