{"id":7433,"date":"2014-12-29T08:34:28","date_gmt":"2014-12-29T07:34:28","guid":{"rendered":"http:\/\/niecodziennosc.kubic.info\/index.php\/2014\/12\/29\/czlowiek-jest-powodem-niepokoju\/"},"modified":"2019-05-05T01:42:10","modified_gmt":"2019-05-04T23:42:10","slug":"czlowiek-jest-powodem-niepokoju","status":"publish","type":"post","link":"http:\/\/niecodziennosc.kubic.info\/?p=7433","title":{"rendered":"Cz\u0142owiek jest powodem niepokoju"},"content":{"rendered":"<p>W Rumunii, chodz\u0105c ulicami. Gdybym nie spotyka\u0142 ludzi, by\u0142bym spokojniejszy. Ka\u017cdy cz\u0142owiek powoduje jakie\u015b emocje, a one nie daj\u0105 spokoju. Gdyby ulice by\u0142y puste, to jeszcze pozostawa\u0142yby \u015blady ludzkiej pracy, emocji i my\u015blenia &#8211; czyli to wszystko, co mo\u017cna zobaczy\u0107 na ulicy w mie\u015bcie. \u017beby uzyska\u0107 ca\u0142kowity spok\u00f3j nale\u017ca\u0142o by zatem opu\u015bci\u0107 miasto i uda\u0107 si\u0119 w tereny, gdzie rzadko bywa cz\u0142owiek&#8230; Jak na razie nie mog\u0119 sobie na to pozwoli\u0107.<\/p>\n<p>\u00a0<\/p>\n<p><img fetchpriority=\"high\" decoding=\"async\" src=\"wp-content\/uploads\/2019\/03\/_MG_8447_2.jpg\" alt=\"Apteka o przed\u0142u\u017conym programie otwarcia 6-24\" width=\"500\" height=\"333\" \/><\/p>\n<p>\u00a0<\/p>\n<p>Kiosk sprzeda\u017cy bilet\u00f3w, utrzymywany zdaje si\u0119 przez przedsi\u0119biorstwo komunikacji, bo niczego innego si\u0119 w nim nie sprzedaje. Widzia\u0142em pr\u00f3by wprowadzenia automat\u00f3w, ale na razie stoj\u0105 one zupe\u0142nie martwe, nawet bez etykiet.<\/p>\n<p><img decoding=\"async\" src=\"wp-content\/uploads\/2019\/03\/_MG_8497.jpg\" alt=\"Kiosk biletowy, Rumunia, Cluj-Napoca fot. Piotr Kubic\" width=\"500\" height=\"333\" \/><\/p>\n<p>\u00a0<\/p>\n<p>Wi\u0119cej zdj\u0119\u0107 oraz tekst\u00f3w zwi\u0105zanych z Rumuni\u0105 na <a href=\"http:\/\/patrz.kubic.info\/\">blogu fotograficznym<\/a>.<\/p>\n<p><a href=\"http:\/\/patrz.kubic.info\/\"><img decoding=\"async\" src=\"wp-content\/uploads\/2019\/03\/NaRumunskiejUlicy.jpg\" alt=\"Na rumu\u0144skiej ulicy fot. Piotr Kubic\" width=\"250\" height=\"212\" \/><\/a><\/p>\n","protected":false},"excerpt":{"rendered":"<p>W Rumunii, chodz\u0105c &#8230;<\/p>\n","protected":false},"author":1,"featured_media":0,"comment_status":"open","ping_status":"open","sticky":false,"template":"","format":"standard","meta":{"footnotes":""},"categories":[50,909],"tags":[34,607,339,208,38,900],"_links":{"self":[{"href":"http:\/\/niecodziennosc.kubic.info\/index.php?rest_route=\/wp\/v2\/posts\/7433"}],"collection":[{"href":"http:\/\/niecodziennosc.kubic.info\/index.php?rest_route=\/wp\/v2\/posts"}],"about":[{"href":"http:\/\/niecodziennosc.kubic.info\/index.php?rest_route=\/wp\/v2\/types\/post"}],"author":[{"embeddable":true,"href":"http:\/\/niecodziennosc.kubic.info\/index.php?rest_route=\/wp\/v2\/users\/1"}],"replies":[{"embeddable":true,"href":"http:\/\/niecodziennosc.kubic.info\/index.php?rest_route=%2Fwp%2Fv2%2Fcomments&post=7433"}],"version-history":[{"count":1,"href":"http:\/\/niecodziennosc.kubic.info\/index.php?rest_route=\/wp\/v2\/posts\/7433\/revisions"}],"predecessor-version":[{"id":8957,"href":"http:\/\/niecodziennosc.kubic.info\/index.php?rest_route=\/wp\/v2\/posts\/7433\/revisions\/8957"}],"wp:attachment":[{"href":"http:\/\/niecodziennosc.kubic.info\/index.php?rest_route=%2Fwp%2Fv2%2Fmedia&parent=7433"}],"wp:term":[{"taxonomy":"category","embeddable":true,"href":"http:\/\/niecodziennosc.kubic.info\/index.php?rest_route=%2Fwp%2Fv2%2Fcategories&post=7433"},{"taxonomy":"post_tag","embeddable":true,"href":"http:\/\/niecodziennosc.kubic.info\/index.php?rest_route=%2Fwp%2Fv2%2Ftags&post=7433"}],"curies":[{"name":"wp","href":"https:\/\/api.w.org\/{rel}","templated":true}]}}