{"id":7445,"date":"2014-11-30T23:18:58","date_gmt":"2014-11-30T22:18:58","guid":{"rendered":"http:\/\/niecodziennosc.kubic.info\/index.php\/2014\/11\/30\/a-pamietasz\/"},"modified":"2014-11-30T23:18:58","modified_gmt":"2014-11-30T22:18:58","slug":"a-pamietasz","status":"publish","type":"post","link":"http:\/\/niecodziennosc.kubic.info\/?p=7445","title":{"rendered":"A pami\u0119tasz?"},"content":{"rendered":"<p><img fetchpriority=\"high\" decoding=\"async\" src=\"wp-content\/uploads\/2019\/03\/park_fotPiotrKubic_F1A3377.jpg\" alt=\"W parku zab\u0142ocony zakr\u0119t, taki sam od naszego dzieci\u0144stwa fot. Piotr Kubic\" width=\"500\" height=\"333\" \/><\/p>\n<p>Ten zab\u0142ocony zakr\u0119t by\u0142 tam od zawsze. Dochodz\u0105 do siebie dwie alejki, obydwie okalaj\u0105ce staw w parku. Staw w kszta\u0142cie prostok\u0105ta z kwadratow\u0105, du\u017c\u0105 wysp\u0105 na \u015brodku.<\/p>\n<p>Przechodzi\u0142em alejk\u0105 i ci\u0105gle s\u0105 na niej wybrzuszenia z powodu korzeni wysokich drzew, kt\u00f3re wdar\u0142y si\u0119 pod asfalt. Gdy je\u017adzili\u015bmy ma\u0142ymi rowerkami prawie przewracali\u015bmy si\u0119 na nich.<\/p>\n<p>Kiedy\u015b wreszcie wyremontuj\u0105 alejki i nie b\u0119dzie ju\u017c tego b\u0142ota na ich skrzy\u017cowaniu. Jest nadzieja, ale nik\u0142a, \u017ce ten remont zrobi\u0105, kiedy nas ju\u017c nie b\u0119dzie. W ka\u017cdym razie &#8211; zdj\u0119cie zrobione i nawet jak b\u0119dzie remont, to wr\u00f3cimy do historii. B\u0119dziemy wspomina\u0107. <\/p>\n","protected":false},"excerpt":{"rendered":"<p><img ...\n<\/p>\n","protected":false},"author":1,"featured_media":0,"comment_status":"open","ping_status":"open","sticky":false,"template":"","format":"standard","meta":{"footnotes":""},"categories":[27],"tags":[269],"_links":{"self":[{"href":"http:\/\/niecodziennosc.kubic.info\/index.php?rest_route=\/wp\/v2\/posts\/7445"}],"collection":[{"href":"http:\/\/niecodziennosc.kubic.info\/index.php?rest_route=\/wp\/v2\/posts"}],"about":[{"href":"http:\/\/niecodziennosc.kubic.info\/index.php?rest_route=\/wp\/v2\/types\/post"}],"author":[{"embeddable":true,"href":"http:\/\/niecodziennosc.kubic.info\/index.php?rest_route=\/wp\/v2\/users\/1"}],"replies":[{"embeddable":true,"href":"http:\/\/niecodziennosc.kubic.info\/index.php?rest_route=%2Fwp%2Fv2%2Fcomments&post=7445"}],"version-history":[{"count":0,"href":"http:\/\/niecodziennosc.kubic.info\/index.php?rest_route=\/wp\/v2\/posts\/7445\/revisions"}],"wp:attachment":[{"href":"http:\/\/niecodziennosc.kubic.info\/index.php?rest_route=%2Fwp%2Fv2%2Fmedia&parent=7445"}],"wp:term":[{"taxonomy":"category","embeddable":true,"href":"http:\/\/niecodziennosc.kubic.info\/index.php?rest_route=%2Fwp%2Fv2%2Fcategories&post=7445"},{"taxonomy":"post_tag","embeddable":true,"href":"http:\/\/niecodziennosc.kubic.info\/index.php?rest_route=%2Fwp%2Fv2%2Ftags&post=7445"}],"curies":[{"name":"wp","href":"https:\/\/api.w.org\/{rel}","templated":true}]}}