{"id":7446,"date":"2014-11-29T08:05:40","date_gmt":"2014-11-29T07:05:40","guid":{"rendered":"http:\/\/niecodziennosc.kubic.info\/index.php\/2014\/11\/29\/martwota-sa-pograzone-dni\/"},"modified":"2014-11-29T08:05:40","modified_gmt":"2014-11-29T07:05:40","slug":"martwota-sa-pograzone-dni","status":"publish","type":"post","link":"http:\/\/niecodziennosc.kubic.info\/?p=7446","title":{"rendered":"Martwot\u0105 s\u0105 pogr\u0105\u017cone dni"},"content":{"rendered":"<p><img fetchpriority=\"high\" decoding=\"async\" title=\"Martwa jesie\u0144 w parku\" src=\"wp-content\/uploads\/2019\/03\/_F1A3379martwa_jesienfotPiotrKubic.jpg\" alt=\"Martwa jesie\u0144 w parku fot. Piotr Kubic\" width=\"500\" height=\"333\" \/><\/p>\n<p>Dni, czasem ca\u0142e tygodnie, podczas kt\u00f3rych nie ogl\u0105da\u0142o si\u0119 s\u0142o\u0144ca. Gdy chodzi\u0142em do szko\u0142y te kr\u00f3tkie dni wydawa\u0142y si\u0119 zmor\u0105. Ca\u0142e \u017cycie toczy\u0142o si\u0119 w salach lekcyjnych, a gdy w ko\u0144cu z nich wychodzili\u015bmy, wst\u0119powali\u015bmy w pustk\u0119 jesieni, kt\u00f3ra ju\u017c obumar\u0142a. \u017beby jeszcze wia\u0142 wiatr, to czuliby\u015bmy, \u017ce \u015bwiat \u017cyje. Ale dni pe\u0142ne martwoty, budz\u0105ce si\u0119 w martwocie, gdy \u015bwiat\u0142o nadchodzi\u0142o nie wiadomo sk\u0105d, z bezdennego nieba, i nikn\u0105ce w d\u0142ugim, wczesnym zmierzchu, te dni wydawa\u0142y<span class=\"text_exposed_show\"> si\u0119 jak stracone &#8211; dla \u017cycia, dla nas. Od\u017cywali\u015bmy dopiero w domach, przed kolorowym ekranem pierwszych w naszym miasteczku komputer\u00f3w. <\/span><\/p>\n<div class=\"text_exposed_show\">\n<p>Po latach wracam my\u015bl\u0105 do tamtych chwil i odnajduj\u0119 w nich niespodziewan\u0105 ulg\u0119. Jak cenne mog\u0105 by\u0107 one, gdy nic si\u0119 nie dzieje. Po wiosennym rozdmuchaniu, letniej gor\u0105czce, przychodzi bezruch i pog\u0142\u0119biaj\u0105ce si\u0119 zimno, kt\u00f3re zmusza nas do zamykania si\u0119 przed \u015bwiatem &#8211; w sobie, w obj\u0119ciach ciep\u0142ych kurtek, szalik\u00f3w, czapek i r\u0119kawiczek. Przez grubsze podeszwy but\u00f3w nie czu\u0107 ju\u017c tak dobrze matki ziemi. Zostajemy sami, jak ka\u017cde z drzew, z osobna.<\/p>\n<p>I cho\u0107 mo\u017cemy si\u0119 przed t\u0105 samotno\u015bci\u0105 broni\u0107, to co\u015b wewn\u0105trz m\u00f3wi \u017ce &#8211; na szcz\u0119\u015bcie &#8211; zostajemy sami i ta samotno\u015b\u0107 jest potrzebna, wr\u0119cz konieczna. Trzeba j\u0105 tylko przyj\u0105\u0107 jak zab\u0142\u0105kanego go\u015bcia, kt\u00f3ry wejdzie na chwil\u0119, nabierze si\u0142, a potem na pewno p\u00f3jdzie dalej.<\/p>\n<\/div>\n<p>&#65279;<\/p>\n","protected":false},"excerpt":{"rendered":"<p><img title=\"Martwa ...\n<\/p>\n","protected":false},"author":1,"featured_media":0,"comment_status":"open","ping_status":"open","sticky":false,"template":"","format":"standard","meta":{"footnotes":""},"categories":[27],"tags":[413,352,882],"_links":{"self":[{"href":"http:\/\/niecodziennosc.kubic.info\/index.php?rest_route=\/wp\/v2\/posts\/7446"}],"collection":[{"href":"http:\/\/niecodziennosc.kubic.info\/index.php?rest_route=\/wp\/v2\/posts"}],"about":[{"href":"http:\/\/niecodziennosc.kubic.info\/index.php?rest_route=\/wp\/v2\/types\/post"}],"author":[{"embeddable":true,"href":"http:\/\/niecodziennosc.kubic.info\/index.php?rest_route=\/wp\/v2\/users\/1"}],"replies":[{"embeddable":true,"href":"http:\/\/niecodziennosc.kubic.info\/index.php?rest_route=%2Fwp%2Fv2%2Fcomments&post=7446"}],"version-history":[{"count":0,"href":"http:\/\/niecodziennosc.kubic.info\/index.php?rest_route=\/wp\/v2\/posts\/7446\/revisions"}],"wp:attachment":[{"href":"http:\/\/niecodziennosc.kubic.info\/index.php?rest_route=%2Fwp%2Fv2%2Fmedia&parent=7446"}],"wp:term":[{"taxonomy":"category","embeddable":true,"href":"http:\/\/niecodziennosc.kubic.info\/index.php?rest_route=%2Fwp%2Fv2%2Fcategories&post=7446"},{"taxonomy":"post_tag","embeddable":true,"href":"http:\/\/niecodziennosc.kubic.info\/index.php?rest_route=%2Fwp%2Fv2%2Ftags&post=7446"}],"curies":[{"name":"wp","href":"https:\/\/api.w.org\/{rel}","templated":true}]}}