{"id":7454,"date":"2014-11-06T00:44:19","date_gmt":"2014-11-05T23:44:19","guid":{"rendered":"http:\/\/niecodziennosc.kubic.info\/index.php\/2014\/11\/06\/kreatywnosci-jest-za-duzo\/"},"modified":"2014-11-06T00:44:19","modified_gmt":"2014-11-05T23:44:19","slug":"kreatywnosci-jest-za-duzo","status":"publish","type":"post","link":"http:\/\/niecodziennosc.kubic.info\/?p=7454","title":{"rendered":"Kreatywno\u015bci jest za du\u017co"},"content":{"rendered":"<p>Zabija mnie to, \u017ce w ci\u0105gu dnia prowadz\u0119 kilkana\u015bcie r\u00f3\u017cnych spraw, z czego kilka jest tw\u00f3rczych. Wiem, \u017ce powiecie, \u017ce takie jest \u017cycie i wielu ludzi tak robi. Ale pomy\u015blmy przez chwil\u0119 rozs\u0105dnie &#8211; to jest drena\u017c naszych m\u00f3zg\u00f3w, ale r\u00f3wnie\u017c &#8211; naszego samopoczucia, naszego \u017cycia duchowego, czyli osobowo\u015bci, \u015bwiadomo\u015bci.<\/p>\n<p>\u017byjemy w \u015bwiecie, w kt\u00f3rym kultem sta\u0142a si\u0119 kreatywno\u015b\u0107. Kreatywno\u015b\u0107 dla samej kreatywno\u015bci, bo cz\u0119sto zaczyna brakowa\u0107 tych, kt\u00f3rzy by t\u0119 kreatywno\u015b\u0107 byli w stanie odebra\u0107. Nie s\u0105 w stanie, bo sami musz\u0105 by\u0107 kreatywni. Dzi\u015b widzia\u0142em takie has\u0142o (Saramonowicza?) &#8211; &#8222;nikt ju\u017c nie czyta, bo wszyscy pisz\u0105&#8221;.<\/p>\n<p>Czuj\u0119 si\u0119 zawalony propozycjami &#8211; ogl\u0105dni\u0119cia spektakli teatralnych, imprez, ksi\u0105\u017cek do przeczytania. Ale wracam do domu, a tam czeka na mnie inne zadanie, kt\u00f3re kreatywno\u015bci\u0105 przewy\u017csza to, co spotykam w pracy &#8211; rozmowa z dzie\u0107mi, reagowanie na to, co robi\u0105, bycie z nimi. <\/p>\n","protected":false},"excerpt":{"rendered":"<p>Zabija mnie to, \u017ce w &#8230;<\/p>\n","protected":false},"author":1,"featured_media":0,"comment_status":"open","ping_status":"open","sticky":false,"template":"","format":"standard","meta":{"footnotes":""},"categories":[50],"tags":[70],"_links":{"self":[{"href":"http:\/\/niecodziennosc.kubic.info\/index.php?rest_route=\/wp\/v2\/posts\/7454"}],"collection":[{"href":"http:\/\/niecodziennosc.kubic.info\/index.php?rest_route=\/wp\/v2\/posts"}],"about":[{"href":"http:\/\/niecodziennosc.kubic.info\/index.php?rest_route=\/wp\/v2\/types\/post"}],"author":[{"embeddable":true,"href":"http:\/\/niecodziennosc.kubic.info\/index.php?rest_route=\/wp\/v2\/users\/1"}],"replies":[{"embeddable":true,"href":"http:\/\/niecodziennosc.kubic.info\/index.php?rest_route=%2Fwp%2Fv2%2Fcomments&post=7454"}],"version-history":[{"count":0,"href":"http:\/\/niecodziennosc.kubic.info\/index.php?rest_route=\/wp\/v2\/posts\/7454\/revisions"}],"wp:attachment":[{"href":"http:\/\/niecodziennosc.kubic.info\/index.php?rest_route=%2Fwp%2Fv2%2Fmedia&parent=7454"}],"wp:term":[{"taxonomy":"category","embeddable":true,"href":"http:\/\/niecodziennosc.kubic.info\/index.php?rest_route=%2Fwp%2Fv2%2Fcategories&post=7454"},{"taxonomy":"post_tag","embeddable":true,"href":"http:\/\/niecodziennosc.kubic.info\/index.php?rest_route=%2Fwp%2Fv2%2Ftags&post=7454"}],"curies":[{"name":"wp","href":"https:\/\/api.w.org\/{rel}","templated":true}]}}