{"id":7461,"date":"2014-10-12T22:33:13","date_gmt":"2014-10-12T20:33:13","guid":{"rendered":"http:\/\/niecodziennosc.kubic.info\/index.php\/2014\/10\/12\/docieranie-do-sensu-po-raz-nieustajacy\/"},"modified":"2014-10-12T22:33:13","modified_gmt":"2014-10-12T20:33:13","slug":"docieranie-do-sensu-po-raz-nieustajacy","status":"publish","type":"post","link":"http:\/\/niecodziennosc.kubic.info\/?p=7461","title":{"rendered":"Docieranie do sensu, po raz nieustaj\u0105cy"},"content":{"rendered":"<p>Jesiennym popo\u0142udniem krajobraz stoi nieruchomo w atmosferze bez drgnienia wiatru. To szkolne boisko, przebudowane przy pomocy funduszy z Unii. St\u0105d poliuretanowa nawierzchnia, zgodna z norm\u0105 PN-EN14877:2008, z aprobat\u0105 i rekomendacj\u0105 techniczn\u0105 ITB, kart\u0105 techniczn\u0105 potwierdzon\u0105 przez producenta, atestem PZH oraz autoryzacj\u0105 producenta wystawion\u0105 dla wykonawcy wraz z potwierdzeniem gwarancji. Ostatnie zdanie to nie \u017cart, pochodzi ze specyfikacji &#8222;Orlik 2012 &#8211; Boisko w ka\u017cdej gminie&#8221;.<\/p>\n<p>Ale my, siedz\u0105c na plastikowo-aluminiowych trybunach na tym boisku, my, czyli m\u00f3j syn i ja, nie mieli\u015bmy poj\u0119cia o atestach, gwarancjach, rekomendacjach. Dla sze\u015bcioletniego ch\u0142opaka to jeden z nielicznych jeszcze w jego \u017cyciu ch\u0142odnych, jesiennych wieczor\u00f3w, kiedy siedzi bezczynnie i patrzy na ciemniej\u0105ce niebo i jeszcze szybciej ciemniej\u0105ce zaro\u015bla wok\u00f3\u0142 placu. Naprzeciwko nas, w odleg\u0142o\u015bci nieca\u0142ych stu metr\u00f3w, wznosi si\u0119 szeroka, wielka \u015bciana zachodniej cz\u0119\u015bci budynku szko\u0142y. Na niej, w jej \u015brodku, jak samotny, skazany na bezterminow\u0105 misj\u0119 dozorca &#8211; lampa na kr\u00f3tkim wysi\u0119gniku. Patrzy w d\u00f3\u0142. Ma, zdaje si\u0119, o\u015bwietla\u0107 teren, ale nie o\u015bwietla.<\/p>\n<p>Bezczynno\u015b\u0107 ch\u0142opaka jest jednak pozorna. Wie o tym ojciec taki jak ja. Bo ten sam wiecz\u00f3r, tego samego dnia, tej jesieni i w tym bezruchu, wywo\u0142uje u mnie feeri\u0119 impuls\u00f3w zapisanych w czterdziestoletniej pami\u0119ci. Wszystkie wspomnienia zapachu, uczucia ch\u0142odu pe\u0142zn\u0105cego przy ziemi, widok\u00f3w martwiej\u0105cego pomara\u0144czowego nieba \u0142\u0105cz\u0105 si\u0119 z wieczorami pe\u0142nych t\u0119sknot. I teraz w\u0142a\u015bnie przesz\u0142o\u015b\u0107, i utrwalona latami t\u0119sknota, i tera\u017aniejszo\u015b\u0107, stapiaj\u0105 si\u0119 razem, \u017ce trudno orzec (a owo orzeczenie jest w\u0142a\u015bciwie niepotrzebne), czy to si\u0119 dzieje teraz, czy to zacz\u0119\u0142o si\u0119 lata temu i trwa do dzi\u015b, czy jest to co\u015b, co zawsze by\u0142o, jest i b\u0119dzie.<\/p>\n<p>Bo jest do\u015b\u0107 prawdopodobne, \u017ce siedz\u0105c ch\u0142odnym wieczorem na szkolnym boisku w ma\u0142ym miasteczku, docieramy w\u0142a\u015bnie do sensu. Do sensu wszystkiego. To by si\u0119 nawet zgadza\u0142o. Docieramy do tego, co jest niezmienne. Wiem o tym ja, ale ten ma\u0142y nawet tego nie podejrzewa. Cho\u0107 przypuszczam, \u017ce jakim\u015b niezrozumia\u0142ym dla mnie sposobem &#8211; przeczuwa. Tak mi si\u0119 wydaje, kiedy patrz\u0119 na niego. Bo jest dziwnie, jak na siebie, spokojny i zamy\u015blony.<\/p>\n<p><img fetchpriority=\"high\" decoding=\"async\" src=\"wp-content\/uploads\/2019\/03\/Beniaminspacer02_037_2.jpg\" alt=\"Krajobraz Wy\u017cyny Krakowsko-Cz\u0119stochowskiej, fot. Piotr Kubic\" width=\"500\" height=\"333\" \/><\/p>\n","protected":false},"excerpt":{"rendered":"<p>Jesiennym popo\u0142udniem&#8230;<\/p>\n","protected":false},"author":1,"featured_media":0,"comment_status":"open","ping_status":"open","sticky":false,"template":"","format":"standard","meta":{"footnotes":""},"categories":[27],"tags":[607,373,558,269],"_links":{"self":[{"href":"http:\/\/niecodziennosc.kubic.info\/index.php?rest_route=\/wp\/v2\/posts\/7461"}],"collection":[{"href":"http:\/\/niecodziennosc.kubic.info\/index.php?rest_route=\/wp\/v2\/posts"}],"about":[{"href":"http:\/\/niecodziennosc.kubic.info\/index.php?rest_route=\/wp\/v2\/types\/post"}],"author":[{"embeddable":true,"href":"http:\/\/niecodziennosc.kubic.info\/index.php?rest_route=\/wp\/v2\/users\/1"}],"replies":[{"embeddable":true,"href":"http:\/\/niecodziennosc.kubic.info\/index.php?rest_route=%2Fwp%2Fv2%2Fcomments&post=7461"}],"version-history":[{"count":0,"href":"http:\/\/niecodziennosc.kubic.info\/index.php?rest_route=\/wp\/v2\/posts\/7461\/revisions"}],"wp:attachment":[{"href":"http:\/\/niecodziennosc.kubic.info\/index.php?rest_route=%2Fwp%2Fv2%2Fmedia&parent=7461"}],"wp:term":[{"taxonomy":"category","embeddable":true,"href":"http:\/\/niecodziennosc.kubic.info\/index.php?rest_route=%2Fwp%2Fv2%2Fcategories&post=7461"},{"taxonomy":"post_tag","embeddable":true,"href":"http:\/\/niecodziennosc.kubic.info\/index.php?rest_route=%2Fwp%2Fv2%2Ftags&post=7461"}],"curies":[{"name":"wp","href":"https:\/\/api.w.org\/{rel}","templated":true}]}}