{"id":7467,"date":"2014-09-29T00:59:07","date_gmt":"2014-09-28T22:59:07","guid":{"rendered":"http:\/\/niecodziennosc.kubic.info\/index.php\/2014\/09\/29\/byc-soba\/"},"modified":"2019-05-05T01:42:11","modified_gmt":"2019-05-04T23:42:11","slug":"byc-soba","status":"publish","type":"post","link":"http:\/\/niecodziennosc.kubic.info\/?p=7467","title":{"rendered":"By\u0107 sob\u0105"},"content":{"rendered":"<p>&#8211; W \u017cyciu do\u015b\u0107 wielu ludzi przychodzi taki moment, w kt\u00f3rym zaczynaj\u0105 by\u0107 wreszcie sob\u0105&#8230; <br \/>&#8211; &#8230;aha&#8230;<br \/>&#8211; &#8230;z r\u00f3\u017cnych wzgl\u0119d\u00f3w. Jedni, przyparci do muru przez \u017cycie, dotar\u0142szy do dna, w dramatycznej sytuacji, m\u00f3wi\u0105 w ko\u0144cu &#8222;ja to chromol\u0119&#8221; i zaczynaj\u0105 m\u00f3wi\u0107 to, co naprawd\u0119 my\u015bl\u0119 i robi\u0107 to, na co maj\u0105 ochot\u0119. Po prostu nie maj\u0105 ju\u017c nic do stracenia.<br \/>&#8211; Rozumiem. <br \/>&#8211; Inni, przeciwnie. Osi\u0105gn\u0119li w \u017cyciu co\u015b, co potwierdzi\u0142o ich warto\u015b\u0107. Przestaj\u0105 si\u0119 przejmowa\u0107 ocenami, opiniami innych, nie martwi\u0105 si\u0119, \u017ce wyjd\u0105 na dziwak\u00f3w, nienormalnych. I nagle, dajmy na to, facet czterdziestoletni nagle zaczyna nosi\u0107 wytarte jeansy i farbuje w\u0142osy na zielono, cho\u0107 do tej pory trzyma\u0142 si\u0119 raczej elegancko i w kanonie. <br \/>&#8211; Tak.<br \/>&#8211; Tacy wiedz\u0105, \u017ce tego, co maj\u0105, nikt im\u00a0ju\u017c&#65279; nie odbierze. Dorobek jest trwa\u0142y, nie podatny na krytyk\u0119 czy szyderstwo. <br \/>&#8211; Logiczne.<br \/>&#8211; Ale jest jeszcze jedna grupa ludzi, kt\u00f3rzy z czasem r\u00f3wnie\u017c zaczynaj\u0105 by\u0107 sob\u0105, lecz wcale nie wychodzi im to na dobre. A tym bardziej ich otoczeniu. <br \/>&#8211; Ciekawe&#8230;<br \/>&#8211; Oni, gdy byli m\u0142odsi, czuli na sobie wzrok innych &#8211; rodziny, rodze\u0144stwa, m\u0119\u017ca, \u017cony, szefa w pracy &#8211; i to ich powstrzymywa\u0142o. Czuli si\u0119 zniewoleni, to prawda, i marzyli o momencie, w kt\u00f3rym b\u0119d\u0105 wolni. S\u0142uchali w radiu, telewizji, mo\u017ce czytali o tym, \u017ce warto by\u0107 sob\u0105, \u017ce to korzy\u015b\u0107 nad korzy\u015bciami, jak m\u00f3wi przys\u0142owie &#8222;lepszy w wolno\u015bci k\u0105sek lada jaki, ni\u017ali w niewoli przysmaki&#8221;.<br \/>&#8211; Przypominam sobie. <br \/>&#8211; A jednak nie jestem tego pewien.<br \/>&#8211; Czego?<br \/>&#8211; \u017be lepiej im by\u0107 sob\u0105, ni\u017c czu\u0107 troch\u0119 powstrzymuj\u0105cego zniewolenia. <br \/>&#8211; Dlaczego?<br \/>&#8211; Bo gdy s\u0105 sob\u0105 okazuje si\u0119, \u017ce kiepsko na tym wychodz\u0105. Wcale nie objawiaj\u0105 czego\u015b mi\u0142ego, przeciwnie, okazuje si\u0119, \u017ce to bestie k\u0142\u00f3tliwe, wiecznie niezadowolone, pe\u0142ne roszcze\u0144 i nieustannego my\u015blenia o sobie. <br \/>&#8211; Hm&#8230;.<br \/>&#8211; Znajomi, przyjaciele, s\u0105siedzi przestaj\u0105 ich poznawa\u0107, a z nowymi wersjami starych postaci nie spiesz\u0105 si\u0119 zawiera\u0107 znajomo\u015bci. <br \/>&#8211; A\u017c tak?<br \/>&#8211; No tak. Cz\u0142owiek, z kt\u00f3rego wychodzi nagle &#8222;prawdziwy on&#8221;, ale jest to &#8222;on&#8221; paskudny i wstr\u0119tny&#8230;<\/p>\n<p>Cisza. W szklaneczkach wino. To dlatego, \u017ce Wiesiek ostatnio przerzuci\u0142 si\u0119 na wino, nie pija ju\u017c piwa. Pow\u00f3d? Piwo tuczy. Nam\u00f3wi\u0142 mnie do wina. Powiedzia\u0142 &#8222;nie chc\u0119 pi\u0107 sam&#8221; i zrobi\u0142 tak\u0105 min\u0119, \u017ce uleg\u0142em. Nie widzia\u0142em te\u017c teraz, co powiedzie\u0107. No rzeczywi\u015bcie, mia\u0142 racj\u0119. Ale z drugiej strony czego on si\u0119 spodziewa\u0142? \u017be z cz\u0142owieka, po ilu\u015b tam latach, wyjdzie nagle anio\u0142? Anio\u0142 ju\u017c by\u0142, anio\u0142y bywaj\u0105 zwykle na pocz\u0105tku. A potem, pr\u0119dzej czy p\u00f3\u017aniej, ka\u017cdy zaczyna by\u0107 sob\u0105. I chyba rzadko okazuje si\u0119 anio\u0142em. Czy\u017cby wszystkie poradniki nak\u0142aniaj\u0105ce do bycia sob\u0105 dzia\u0142a\u0142y z premedytacj\u0105 odzieraj\u0105c z anielskich skrzyde\u0142? Czemu mia\u0142oby to s\u0142u\u017cy\u0107?<\/p>\n<p>My\u015bl\u0119 sobie. Cisza trwa. Dopijamy czerwony p\u0142yn z przezroczystych szklaneczek. Za oknem jesienna temperatura. Spada. Jest ju\u017c poni\u017cej dziesi\u0119ciu stopni.<\/p>\n","protected":false},"excerpt":{"rendered":"<p>&#8211; W \u017cyciu do\u015b\u0107 &#8230;<\/p>\n","protected":false},"author":1,"featured_media":0,"comment_status":"open","ping_status":"open","sticky":false,"template":"","format":"standard","meta":{"footnotes":""},"categories":[18,909],"tags":[435,38,224],"_links":{"self":[{"href":"http:\/\/niecodziennosc.kubic.info\/index.php?rest_route=\/wp\/v2\/posts\/7467"}],"collection":[{"href":"http:\/\/niecodziennosc.kubic.info\/index.php?rest_route=\/wp\/v2\/posts"}],"about":[{"href":"http:\/\/niecodziennosc.kubic.info\/index.php?rest_route=\/wp\/v2\/types\/post"}],"author":[{"embeddable":true,"href":"http:\/\/niecodziennosc.kubic.info\/index.php?rest_route=\/wp\/v2\/users\/1"}],"replies":[{"embeddable":true,"href":"http:\/\/niecodziennosc.kubic.info\/index.php?rest_route=%2Fwp%2Fv2%2Fcomments&post=7467"}],"version-history":[{"count":1,"href":"http:\/\/niecodziennosc.kubic.info\/index.php?rest_route=\/wp\/v2\/posts\/7467\/revisions"}],"predecessor-version":[{"id":8965,"href":"http:\/\/niecodziennosc.kubic.info\/index.php?rest_route=\/wp\/v2\/posts\/7467\/revisions\/8965"}],"wp:attachment":[{"href":"http:\/\/niecodziennosc.kubic.info\/index.php?rest_route=%2Fwp%2Fv2%2Fmedia&parent=7467"}],"wp:term":[{"taxonomy":"category","embeddable":true,"href":"http:\/\/niecodziennosc.kubic.info\/index.php?rest_route=%2Fwp%2Fv2%2Fcategories&post=7467"},{"taxonomy":"post_tag","embeddable":true,"href":"http:\/\/niecodziennosc.kubic.info\/index.php?rest_route=%2Fwp%2Fv2%2Ftags&post=7467"}],"curies":[{"name":"wp","href":"https:\/\/api.w.org\/{rel}","templated":true}]}}