{"id":7468,"date":"2014-09-26T23:50:24","date_gmt":"2014-09-26T21:50:24","guid":{"rendered":"http:\/\/niecodziennosc.kubic.info\/index.php\/2014\/09\/26\/zapach-powietrza-sie-zmienil\/"},"modified":"2014-09-26T23:50:24","modified_gmt":"2014-09-26T21:50:24","slug":"zapach-powietrza-sie-zmienil","status":"publish","type":"post","link":"http:\/\/niecodziennosc.kubic.info\/?p=7468","title":{"rendered":"Zapach powietrza si\u0119\u00a0zmieni\u0142"},"content":{"rendered":"<p><img fetchpriority=\"high\" decoding=\"async\" src=\"wp-content\/uploads\/2019\/03\/jesienlasliscieIMG_9043.jpg\" alt=\"Jesie\u0144 w pustym lesie fot. Piotr Kubic\" width=\"500\" height=\"333\" \/><\/p>\n<p>Zapach powietrze ju\u017c nie pochodzi z lata. Niesie wspomnienie Wszystkich \u015awi\u0119tych. Cho\u0107 nadejd\u0105 dopiero za miesi\u0105c. Po drodze zamieni\u0105 kurtki na cieplejsze, lecz \u015bniegu z pewno\u015bci\u0105 nie b\u0119dzie. M\u00f3g\u0142by by\u0107, tak jak kiedy\u015b, w czasach dzieci\u0144stwa.<\/p>\n<p>Dlaczego z tamtych czas\u00f3w pozosta\u0142 przede wszystkim zapach? Mro\u017anego powietrza. Kory drzewa ju\u017c u\u015bpionego na zim\u0119, po kt\u00f3rym wspina\u0142 si\u0119 kilkunastoletni ch\u0142opiec, by zajrze\u0107 przez cmentarny mur na drug\u0105 stron\u0119. Za zapachem dopiero nadchodzi widok grubych p\u0142atk\u00f3w \u015bniegu osiad\u0142ych na alejkach, i d\u017awi\u0119k, ich chrz\u0119st pod wysokimi, zimowymi butami marki Relax. Nie wiedzia\u0142 nikt wtedy, co to jest marka.<\/p>\n","protected":false},"excerpt":{"rendered":"<p><img ...\n<\/p>\n","protected":false},"author":1,"featured_media":0,"comment_status":"open","ping_status":"open","sticky":false,"template":"","format":"standard","meta":{"footnotes":""},"categories":[50],"tags":[352,269],"_links":{"self":[{"href":"http:\/\/niecodziennosc.kubic.info\/index.php?rest_route=\/wp\/v2\/posts\/7468"}],"collection":[{"href":"http:\/\/niecodziennosc.kubic.info\/index.php?rest_route=\/wp\/v2\/posts"}],"about":[{"href":"http:\/\/niecodziennosc.kubic.info\/index.php?rest_route=\/wp\/v2\/types\/post"}],"author":[{"embeddable":true,"href":"http:\/\/niecodziennosc.kubic.info\/index.php?rest_route=\/wp\/v2\/users\/1"}],"replies":[{"embeddable":true,"href":"http:\/\/niecodziennosc.kubic.info\/index.php?rest_route=%2Fwp%2Fv2%2Fcomments&post=7468"}],"version-history":[{"count":0,"href":"http:\/\/niecodziennosc.kubic.info\/index.php?rest_route=\/wp\/v2\/posts\/7468\/revisions"}],"wp:attachment":[{"href":"http:\/\/niecodziennosc.kubic.info\/index.php?rest_route=%2Fwp%2Fv2%2Fmedia&parent=7468"}],"wp:term":[{"taxonomy":"category","embeddable":true,"href":"http:\/\/niecodziennosc.kubic.info\/index.php?rest_route=%2Fwp%2Fv2%2Fcategories&post=7468"},{"taxonomy":"post_tag","embeddable":true,"href":"http:\/\/niecodziennosc.kubic.info\/index.php?rest_route=%2Fwp%2Fv2%2Ftags&post=7468"}],"curies":[{"name":"wp","href":"https:\/\/api.w.org\/{rel}","templated":true}]}}