{"id":7472,"date":"2014-09-17T10:33:31","date_gmt":"2014-09-17T08:33:31","guid":{"rendered":"http:\/\/niecodziennosc.kubic.info\/index.php\/2014\/09\/17\/po-prostu-dziecko-nie-lubi-jajek\/"},"modified":"2019-05-05T01:42:11","modified_gmt":"2019-05-04T23:42:11","slug":"po-prostu-dziecko-nie-lubi-jajek","status":"publish","type":"post","link":"http:\/\/niecodziennosc.kubic.info\/?p=7472","title":{"rendered":"Po prostu dziecko nie lubi jajek"},"content":{"rendered":"<p>Na \u015bniadanie s\u0105 jajka. Na mi\u0119kko. Domowy przepis wymaga, aby jajka wyj\u0105\u0107 z lod\u00f3wki i w\u0142o\u017cy\u0107 do rondelka do zimnej wody i razem podgrzewa\u0107. Niestety, teraz nie mo\u017cna ot tak sobie i\u015b\u0107 &#8211; do \u0142azienki, ubikacji, do szafy z ubraniami lub deski do prasowania. Proces nale\u017cy obserwowa\u0107 i zauwa\u017cy\u0107 moment, w kt\u00f3rym woda zaczyna si\u0119 gotowa\u0107. Wtedy ustawiamy na minutniku dwie minuty. Kiedy odezwie si\u0119 dzwonek, jajka nale\u017cy niezw\u0142ocznie zdj\u0105\u0107 z ognia i och\u0142odzi\u0107, wylewaj\u0105c z rondelka gor\u0105c\u0105 wod\u0119 i zast\u0119puj\u0105c j\u0105 zimn\u0105.<\/p>\n<p>Dzi\u015b, obok jaj kurzych, w rondelku znalaz\u0142o si\u0119 kilka przepi\u00f3rczych. Ot taki pomys\u0142, na urozmaicenie lub mo\u017ce wykwintno\u015b\u0107, albo z uwagi na szczeg\u00f3lne walory smakowe. Sze\u015bcioletni syn zamierza je\u015b\u0107 i tak co\u015b innego, ma swoje dania. Lecz po negocjacjach z matk\u0105 godzi si\u0119, \u017ce spr\u00f3buje przepi\u00f3rczego jajka. Niemniej jednak kiedy ma doj\u015b\u0107 do degustacji, syn zaprzecza i podwa\u017ca warunki wcze\u015bniejszej umowy. Wiemy jednak, \u017ce jest cz\u0142owiekiem raczej s\u0142ownym, wi\u0119c jego protest jest skazany na niepowodzenie, skoro ju\u017c wcze\u015bniej si\u0119 zgodzi\u0142.<\/p>\n<p>Ale i tak z trudno\u015bci\u0105 udaje si\u0119 go nam\u00f3wi\u0107, poniewa\u017c ka\u017cdy krok maj\u0105cy prowadzi\u0107 do smakowania jest przez niego op\u00f3\u017aniany. Sytuacja staje si\u0119 napi\u0119ta, w ko\u0144cu zgadzamy si\u0119 obop\u00f3lnie, \u017ce spr\u00f3buje tylko po\u0142ow\u0119 przepi\u00f3rczego jajka. Ma\u0142e jajko ugotowa\u0142o si\u0119 na ca\u0142ej obj\u0119to\u015bci, wi\u0119c nie ma problemu go podzieli\u0107. Dzieciak z wahaniem i oci\u0105ganiem w ko\u0144cu bierze do ust malutki kawa\u0142ek bia\u0142ka z jeszcze mniejszym \u017c\u00f3\u0142tkiem w \u015brodku. Obserwuj\u0119 ca\u0142\u0105 sytuacj\u0119 b\u0119d\u0105c za jego plecami, za\u015b matka jest z drugiej strony. W pewnym momencie s\u0142ysz\u0119 jakby krztuszenie si\u0119, ch\u0142opcem co\u015b wstrz\u0105sa i jestem pewien, \u017ce za chwil\u0119 zwymiotuje. Czekam co b\u0119dzie, bo pobiec do \u0142azienki po misk\u0119 i zd\u0105\u017cy\u0107 nie mam ju\u017c szansy. Lecz dzielny dzieciak rzuca si\u0119 do kubka z wod\u0105, szybko popija i to go uspokaja. Patrz\u0119 na jego r\u0119ce w kr\u00f3tkich r\u0119kawkach, ma\u0142e w\u0142oski stoj\u0105 na baczno\u015b\u0107. Nie wierz\u0119 i przesuwam d\u0142oni\u0105 &#8211; sk\u00f3ra jest jak papier \u015bcierny.<\/p>\n<p>&#8211; Ale czy to jajko smakuje inaczej ni\u017c kurze? &#8211; pytam. Bior\u0119 kawa\u0142ek i pr\u00f3buj\u0119, ale nie czuj\u0119 r\u00f3\u017cnicy. Nic szczeg\u00f3lnego.<br \/>&#8211; Beni, przecie\u017c smak jest taki sam. O co chodzi?<br \/>&#8211; Chodzi o to, \u017ce kurzego jajka on te\u017c nie tknie &#8211; odpowiada matka.<br \/>&#8211; Aha&#8230;<\/p>\n<p><img fetchpriority=\"high\" decoding=\"async\" src=\"wp-content\/uploads\/2019\/03\/Benikregle_F1A6454.jpg\" alt=\"Na kr\u0119gielni fot. Piotr Kubic\" width=\"500\" height=\"333\" \/><\/p>\n","protected":false},"excerpt":{"rendered":"<p>Na \u015bniadanie s\u0105 &#8230;<\/p>\n","protected":false},"author":1,"featured_media":0,"comment_status":"open","ping_status":"open","sticky":false,"template":"","format":"standard","meta":{"footnotes":""},"categories":[118,909],"tags":[373,435,38,638],"_links":{"self":[{"href":"http:\/\/niecodziennosc.kubic.info\/index.php?rest_route=\/wp\/v2\/posts\/7472"}],"collection":[{"href":"http:\/\/niecodziennosc.kubic.info\/index.php?rest_route=\/wp\/v2\/posts"}],"about":[{"href":"http:\/\/niecodziennosc.kubic.info\/index.php?rest_route=\/wp\/v2\/types\/post"}],"author":[{"embeddable":true,"href":"http:\/\/niecodziennosc.kubic.info\/index.php?rest_route=\/wp\/v2\/users\/1"}],"replies":[{"embeddable":true,"href":"http:\/\/niecodziennosc.kubic.info\/index.php?rest_route=%2Fwp%2Fv2%2Fcomments&post=7472"}],"version-history":[{"count":1,"href":"http:\/\/niecodziennosc.kubic.info\/index.php?rest_route=\/wp\/v2\/posts\/7472\/revisions"}],"predecessor-version":[{"id":8966,"href":"http:\/\/niecodziennosc.kubic.info\/index.php?rest_route=\/wp\/v2\/posts\/7472\/revisions\/8966"}],"wp:attachment":[{"href":"http:\/\/niecodziennosc.kubic.info\/index.php?rest_route=%2Fwp%2Fv2%2Fmedia&parent=7472"}],"wp:term":[{"taxonomy":"category","embeddable":true,"href":"http:\/\/niecodziennosc.kubic.info\/index.php?rest_route=%2Fwp%2Fv2%2Fcategories&post=7472"},{"taxonomy":"post_tag","embeddable":true,"href":"http:\/\/niecodziennosc.kubic.info\/index.php?rest_route=%2Fwp%2Fv2%2Ftags&post=7472"}],"curies":[{"name":"wp","href":"https:\/\/api.w.org\/{rel}","templated":true}]}}