{"id":7477,"date":"2014-09-05T11:09:17","date_gmt":"2014-09-05T09:09:17","guid":{"rendered":"http:\/\/niecodziennosc.kubic.info\/index.php\/2014\/09\/05\/dzieci-wprawiaja-w-przerazenie\/"},"modified":"2019-05-05T01:42:11","modified_gmt":"2019-05-04T23:42:11","slug":"dzieci-wprawiaja-w-przerazenie","status":"publish","type":"post","link":"http:\/\/niecodziennosc.kubic.info\/?p=7477","title":{"rendered":"Dzieci wprawiaj\u0105 w przera\u017cenie"},"content":{"rendered":"<p>W moich dzieciach widz\u0119 siebie jak w lustrze. Nie jeden raz, widz\u0119 ci\u0105gle. A czasem zdarzaj\u0105 si\u0119 momenty, gdy widz\u0119 nadzwyczaj wyra\u017anie.<\/p>\n<p>Je\u015bli kto\u015b by s\u0105dzi\u0142, \u017ce to dla mnie szczeg\u00f3lna rado\u015b\u0107, to wyja\u015bni\u0119: przewa\u017cnie s\u0105 to bardzo trudne momenty, wr\u0119cz przera\u017caj\u0105ce. Po pierwsze &#8211; doznaj\u0119 ol\u015bnienia: bo ja to znam! Na drugim miejscu jest zdziwienie &#8211; znam to od dawna, od lat! Nawet, je\u015bli nie do ko\u0144ca zdawa\u0142em sobie sprawy, nie dostrzega\u0142em, albo zapomnia\u0142em, albo bagatelizowa\u0142em &#8211; teraz w\u0142a\u015bnie to, w\u0142a\u015bnie te problemy staj\u0105 wobec mnie. I je\u015bli w przypadku samego siebie mog\u0142em je jako\u015b banalizowa\u0107, to w przypadku mojego dziecka \u017cadn\u0105 miar\u0105 nie mog\u0119, nie jestem w stanie tego zrobi\u0107.<\/p>\n<p>Gdyby by\u0142 to obcy cz\u0142owiek, to bym mu nagada\u0142, potem i odszed\u0142 i da\u0142 sobie spok\u00f3j. Ale tu &#8211; nie mog\u0119. Przecie\u017c nie zostawi\u0119, nie uciekn\u0119 od dziecka! Stoi naprzeciwko mnie, wpatrzone, w\u015bciek\u0142e, smutne, p\u0142acz\u0105ce, nie rozumiej\u0105ce, chc\u0105ce czego\u015b &#8211; a ja mam, musz\u0119, w\u0142a\u015bnie teraz, w tej chwili, podj\u0105\u0107 najlepsz\u0105 decyzj\u0119.<\/p>\n<p>Lecz to jeszcze nie wszystko. Ot\u00f3\u017c zaczynam rozumie\u0107 przyczyny moich w\u0142asnych niepowodze\u0144. Wszystko staje si\u0119 powoli jasne! Dlaczego studiowa\u0142em dwa razy, dlaczego nie gra\u0142em w dru\u017cynie klasowej, dlaczego to, dlaczego tamto &#8211; rzeczywisto\u015b\u0107 odkrywa si\u0119 przede mn\u0105. I m\u00f3g\u0142bym powiedzie\u0107 dziecku, \u017ce to g\u0142upie, kiedy si\u0119 boi, na co ma nadziej\u0119, na co czeka, czego si\u0119 spodziewa, ale wtedy dok\u0142adnie to samo musia\u0142bym powiedzie\u0107 sobie.<\/p>\n<p>Czy do\u015b\u0107 dobrze opisa\u0142em dramat tej sytuacji?<\/p>\n<p>Domy\u015blam si\u0119, co wy, rodzice, mogliby\u015bcie teraz powiedzie\u0107: skoro ju\u017c to wiesz, to zr\u00f3b wszystko, \u017ceby dziecko nie powt\u00f3rzy\u0142o twoich b\u0142\u0119d\u00f3w. Mo\u017cesz je wychowa\u0107, nauczy\u0107, poprowadzi\u0107, ochroni\u0107, nawet zmusi\u0107.\u00a0<\/p>\n<p>Cha cha (przepraszam) ale to naiwno\u015b\u0107. Bo czy\u017c moi rodzice mnie nie wychowywali, nie uczyli? Oczywi\u015bcie, \u017ce tak. Czy to co\u015b pomog\u0142o? S\u0119k w tym, \u017ce tego nie da si\u0119 za bardzo stwierdzi\u0107. Co wi\u0119cej &#8211; do\u015b\u0107 \u0142atwo mo\u017cna przesadzi\u0107 z ochron\u0105, opieku\u0144czo\u015bci\u0105, zakazami, nakazami i zmuszaniem. I zamiast pom\u00f3c, wychowa si\u0119 cz\u0142owieka niesamodzielnego, z kompleksami, uprzedzeniami, zal\u0119knionego albo agresywnego.<\/p>\n<p>Co robi\u0107&#8230;?<\/p>\n","protected":false},"excerpt":{"rendered":"<p>W moich dzieciach &#8230;<\/p>\n","protected":false},"author":1,"featured_media":0,"comment_status":"open","ping_status":"open","sticky":false,"template":"","format":"standard","meta":{"footnotes":""},"categories":[22,909],"tags":[646,607,867,373,38],"_links":{"self":[{"href":"http:\/\/niecodziennosc.kubic.info\/index.php?rest_route=\/wp\/v2\/posts\/7477"}],"collection":[{"href":"http:\/\/niecodziennosc.kubic.info\/index.php?rest_route=\/wp\/v2\/posts"}],"about":[{"href":"http:\/\/niecodziennosc.kubic.info\/index.php?rest_route=\/wp\/v2\/types\/post"}],"author":[{"embeddable":true,"href":"http:\/\/niecodziennosc.kubic.info\/index.php?rest_route=\/wp\/v2\/users\/1"}],"replies":[{"embeddable":true,"href":"http:\/\/niecodziennosc.kubic.info\/index.php?rest_route=%2Fwp%2Fv2%2Fcomments&post=7477"}],"version-history":[{"count":1,"href":"http:\/\/niecodziennosc.kubic.info\/index.php?rest_route=\/wp\/v2\/posts\/7477\/revisions"}],"predecessor-version":[{"id":8967,"href":"http:\/\/niecodziennosc.kubic.info\/index.php?rest_route=\/wp\/v2\/posts\/7477\/revisions\/8967"}],"wp:attachment":[{"href":"http:\/\/niecodziennosc.kubic.info\/index.php?rest_route=%2Fwp%2Fv2%2Fmedia&parent=7477"}],"wp:term":[{"taxonomy":"category","embeddable":true,"href":"http:\/\/niecodziennosc.kubic.info\/index.php?rest_route=%2Fwp%2Fv2%2Fcategories&post=7477"},{"taxonomy":"post_tag","embeddable":true,"href":"http:\/\/niecodziennosc.kubic.info\/index.php?rest_route=%2Fwp%2Fv2%2Ftags&post=7477"}],"curies":[{"name":"wp","href":"https:\/\/api.w.org\/{rel}","templated":true}]}}