{"id":7478,"date":"2014-09-04T00:15:20","date_gmt":"2014-09-03T22:15:20","guid":{"rendered":"http:\/\/niecodziennosc.kubic.info\/index.php\/2014\/09\/04\/pierwszy-dzien-w-szkole\/"},"modified":"2014-09-04T00:15:20","modified_gmt":"2014-09-03T22:15:20","slug":"pierwszy-dzien-w-szkole","status":"publish","type":"post","link":"http:\/\/niecodziennosc.kubic.info\/?p=7478","title":{"rendered":"Pierwszy dzie\u0144 w szkole"},"content":{"rendered":"<p>Szkolny korytarz, kolejne drzwi szkolnych klas, w ko\u0144cu te, o kt\u00f3re nam chodzi. Dzieci i rodzice w \u015brodku, ma\u0142y zam\u0119t, tumult. Jeszcze dziesi\u0119\u0107 minut do pierwszego dzwonka.<\/p>\n<p>&#8222;Pani jeszcze nie ma&#8221;, pada sk\u0105d\u015b zdanie. W takim to nie <em>pani<\/em>, to jaka\u015b mama uk\u0142ada szybkimi ruchami ksi\u0105\u017cki na wysokich p\u00f3\u0142kach, z ty\u0142u klasy. Inna mama t\u0142umaczy co\u015b ma\u0142emu ch\u0142opcu, jeszcze inne mamy zajmuj\u0105 si\u0119 dzia\u0142aniami, kt\u00f3re z pewno\u015bci\u0105 s\u0105 wa\u017cne i potrzebne. A robi\u0105 to z przej\u0119ciem na twarzach, kt\u00f3re kontrastuje ze spokojem, oboj\u0119tno\u015bci\u0105, a nawet lekkim zdezorientowaniem na twarzach nielicznych ojc\u00f3w.<\/p>\n<p>Tak, skoro to pierwszy dzie\u0144 w \u0142awce szkolnej, cho\u0107by nawet by\u0142a to zer\u00f3wka, to wszystko, co trzeba, nale\u017cy zrobi\u0107 tak, jak nale\u017cy. Kluczyk do szatni? Pude\u0142ko na zeszyty i ksi\u0105\u017cki? Miejsce na p\u00f3\u0142ce podpisane imieniem mojego syna? Z kim b\u0119dzie siedzie\u0107? Gdzie trzyma\u0107 tornister? Obuwie zmianowe? Tak my\u015bl\u0105 mamy, pr\u0119dko, energicznie. A ojcowie: spoko, pr\u0119dzej czy p\u00f3\u017aniej wszystko si\u0119 wyja\u015bni.<\/p>\n<p>Ciekawe, \u017ce to pobudzenie z jednej strony, a zoboj\u0119tnienie z drugiej, to jak r\u00f3\u017cne, skrajne objawy tego samego podenerwowania. Bo nie jest ono dziwne, bo jak go unikn\u0105\u0107, w ko\u0144cu to jednak pierwszy dzie\u0144 w szkole, nawet, je\u015bli to zer\u00f3wka.<\/p>\n<p><img fetchpriority=\"high\" decoding=\"async\" title=\"Szatnia szkolna fot. Piotr Kubic\" src=\"wp-content\/uploads\/2019\/03\/SaraSzatnia_MG_0025.jpg\" alt=\"Szatnia szkolna fot. Piotr Kubic\" width=\"500\" height=\"333\" \/><\/p>\n","protected":false},"excerpt":{"rendered":"<p>Szkolny korytarz, &#8230;<\/p>\n","protected":false},"author":1,"featured_media":0,"comment_status":"open","ping_status":"open","sticky":false,"template":"","format":"standard","meta":{"footnotes":""},"categories":[50],"tags":[373],"_links":{"self":[{"href":"http:\/\/niecodziennosc.kubic.info\/index.php?rest_route=\/wp\/v2\/posts\/7478"}],"collection":[{"href":"http:\/\/niecodziennosc.kubic.info\/index.php?rest_route=\/wp\/v2\/posts"}],"about":[{"href":"http:\/\/niecodziennosc.kubic.info\/index.php?rest_route=\/wp\/v2\/types\/post"}],"author":[{"embeddable":true,"href":"http:\/\/niecodziennosc.kubic.info\/index.php?rest_route=\/wp\/v2\/users\/1"}],"replies":[{"embeddable":true,"href":"http:\/\/niecodziennosc.kubic.info\/index.php?rest_route=%2Fwp%2Fv2%2Fcomments&post=7478"}],"version-history":[{"count":0,"href":"http:\/\/niecodziennosc.kubic.info\/index.php?rest_route=\/wp\/v2\/posts\/7478\/revisions"}],"wp:attachment":[{"href":"http:\/\/niecodziennosc.kubic.info\/index.php?rest_route=%2Fwp%2Fv2%2Fmedia&parent=7478"}],"wp:term":[{"taxonomy":"category","embeddable":true,"href":"http:\/\/niecodziennosc.kubic.info\/index.php?rest_route=%2Fwp%2Fv2%2Fcategories&post=7478"},{"taxonomy":"post_tag","embeddable":true,"href":"http:\/\/niecodziennosc.kubic.info\/index.php?rest_route=%2Fwp%2Fv2%2Ftags&post=7478"}],"curies":[{"name":"wp","href":"https:\/\/api.w.org\/{rel}","templated":true}]}}