{"id":7483,"date":"2014-08-16T23:40:18","date_gmt":"2014-08-16T21:40:18","guid":{"rendered":"http:\/\/niecodziennosc.kubic.info\/index.php\/2014\/08\/16\/gdy-we-wlasnym-dziecku-odkrywa-sie-zywiol\/"},"modified":"2019-05-05T01:42:11","modified_gmt":"2019-05-04T23:42:11","slug":"gdy-we-wlasnym-dziecku-odkrywa-sie-zywiol","status":"publish","type":"post","link":"http:\/\/niecodziennosc.kubic.info\/?p=7483","title":{"rendered":"Gdy we w\u0142asnym dziecku odkrywa si\u0119 \u017cywio\u0142&#8230;"},"content":{"rendered":"<p>Wieczorami, porankami, ojciec gra na pianinie a c\u00f3rka \u015bpiewa. Z biegiem czasu ojciec zdaje sobie spraw\u0119, \u017ce obcuje z \u017cywio\u0142em. Oczywi\u015bcie nale\u017cy wzi\u0105\u0107 pod uwag\u0119, \u017ce jest to jego w\u0142asna c\u00f3rka, wi\u0119c ca\u0142kiem mo\u017cliwe, \u017ce wra\u017cenie \u017cywio\u0142u jest przesadzone. Albo nad wyraz wzmocnione przez wi\u0119zy pokrewie\u0144stwa. M\u00f3wi\u0105c pro\u015bciej &#8211; wi\u0119kszo\u015b\u0107 ojc\u00f3w czuje, \u017ce ich dzieci maj\u0105 w sobie co\u015b szczeg\u00f3lnego, to normalne.<\/p>\n<p><img fetchpriority=\"high\" decoding=\"async\" src=\"wp-content\/uploads\/2019\/03\/SaraKulki_DSC4900.jpg\" alt=\"\" width=\"500\" height=\"333\" \/><br \/><sub>fot. Dariusz Siwek<\/sub><\/p>\n<p>Bior\u0105c wi\u0119c poprawk\u0119 na ten typowy rodzicielski odruch przyjmijmy zarazem, \u017ce jaki\u015b \u017cywio\u0142 tkwi jednak w c\u00f3rce. Ojciec jest tego \u015bwiadomy, lecz jednocze\u015bnie pojawia si\u0119 w nim wspomnienie jego w\u0142asnego dzieci\u0144stwa. Bo dopiero po latach okaza\u0142o si\u0119, \u017ce jego w\u0142asny \u017cywio\u0142 nie by\u0142 niczyim wymys\u0142em ani przesad\u0105. \u017be gdyby znalaz\u0142 si\u0119 kto\u015b, kto potrafi\u0142by z tym \u017cywio\u0142em si\u0119 upora\u0107, ojciec robi\u0142by co\u015b innego, ni\u017c dzi\u015b robi. Nie tyle, \u017ce \u017ca\u0142uje swojego \u017cycia, ale my\u015bli czasem, \u017ce jest jak wy\u015bcigowy samoch\u00f3d, w kt\u00f3rym nikt nigdy nie nacisn\u0105\u0142 gazu do ko\u0144ca.<\/p>\n<p>Ojca dopada wi\u0119c lekkie przera\u017cenie, bo wie, \u017ce powinien raczej zrobi\u0107 z jego c\u00f3rk\u0105 to, czego nie potrafi\u0142 (bo nie mia\u0142 szansy potrafi\u0107) zrobi\u0107 jego ojciec z nim. Jego ojciec nie mia\u0142 poj\u0119cia, jak to si\u0119 robi, co trzeba robi\u0107. Ale syn (a obecny ojciec c\u00f3rki) ju\u017c to wie, wi\u0119c tym gorzej dla niego.<\/p>\n<p>Napiszmy jeszcze pokr\u00f3tce, na czym polega \u00f3w nieokie\u0142znany jeszcze \u017cywio\u0142. Ot\u00f3\u017c na tym, \u017ce kto\u015b, kto go posiada, zdradza nadzwyczaj wyra\u017anie jego istnienie, ale robi to mimochodem, zupe\u0142nie sobie z tego nie zdaj\u0105c sprawy. Nie jest jego \u015bwiadomy i to jest pi\u0119kne, ale dramatyczne zarazem. Bo oto powstaje pytanie &#8211; co dalej? W\u0142a\u015bnie takie pytanie zadaje sobie ojciec.<\/p>\n<p>Bo \u017cywio\u0142 pr\u0119dzej czy p\u00f3\u017aniej da zna\u0107 o sobie. \u017bywio\u0142u nie mo\u017cna powstrzyma\u0107, \u017cywio\u0142 trawi, wzbiera, wreszcie poch\u0142aniaja to, co stanie mu na drodze. Jedyne wyj\u015bcie wobec \u017cywio\u0142u, to da\u0107 mu uj\u015bcie. A ku temu prowadzi daleka droga&#8230;<\/p>\n<p>Droga do ukierunkowania \u017cywio\u0142u jest dluga. Wcale nie jest tak, \u017ce kto\u015b posiadaj\u0105cy w sobie \u017cywio\u0142, musi koniecznie zda\u0107 sobie z tego spraw\u0119. Wiele lat mija, a kto\u015b inny &#8211; rodzic, opiekun, nauczyciel &#8211; \u017cmudnie i z samozaparciem walczy w kwestii \u017cywio\u0142u. S\u0142yszano plotk\u0119, \u017ce ojciec Adama Makowicza zamyka\u0142 go, jako m\u0142odego ch\u0142opaka, na klucz, \u017ceby \u0107wiczy\u0142 na pianinie. Lata mijaj\u0105, a liczy si\u0119 kszta\u0142towanie odruch\u00f3w, nawyk\u00f3w dnia codziennego, codziennej pracy wed\u0142ug konsekwentnego programu. Je\u015bli ich nie b\u0119dzie, \u017cywio\u0142 pozostanie nieokie\u0142znany. Nie tak ma\u0142o mo\u017cna spotka\u0107 marzycieli, kt\u00f3rzy ko\u0144cz\u0105 \u017cycie i ci\u0105gle tylko marz\u0105 o tym, \u017ce mogliby robi\u0107 to, o czym marz\u0105. I nic wi\u0119cej.<\/p>\n<p>Ojciec, s\u0142uchaj\u0105c jak serce c\u00f3rki przeciska si\u0119 w \u015bpiewie przez jej gard\u0142o i usta, i wychodzi na zewn\u0105trz w postaci modulacji g\u0142osu, w crescendo, staccato, w szepcie i matowym przyd\u017awi\u0119ku cichych g\u0142osek, ten ojciec zdaje sobie cho\u0107 troch\u0119 spraw\u0119 z tego, co s\u0142yszy, w przeciwie\u0144stwie do\u00a0 ma\u0142ej dziewczynki. I ten ojciec wie, \u017ce co\u015b powinien z tym zrobi\u0107, i \u017ce nie jest to praca na pi\u0119\u0107 minut, na tydzie\u0144, na miesi\u0105c, ale na lata. I gdyby\u015bmy byli pospieszni, prymitywni i prostaccy, to patrz\u0105c na biednego ojca pomy\u015bleliby\u015bmy, \u017ce to zadanie go przera\u017ca. Ale poniewa\u017c tacy nie jeste\u015bmy, przeczuwamy, \u017ce ojciec, kt\u00f3ry sam by\u0142 dzieckiem, i dalej nim pozosta\u0142, cho\u0107 ju\u017c nim nie jest, my\u015bli intensywnie, i na pewno co\u015b wymy\u015bli &#8211; \u017ceby pokona\u0107 swoje przera\u017cenie.<\/p>\n","protected":false},"excerpt":{"rendered":"<p>Wieczorami, &#8230;<\/p>\n","protected":false},"author":1,"featured_media":0,"comment_status":"open","ping_status":"open","sticky":false,"template":"","format":"standard","meta":{"footnotes":""},"categories":[50,909],"tags":[867,373,719,38,870,269],"_links":{"self":[{"href":"http:\/\/niecodziennosc.kubic.info\/index.php?rest_route=\/wp\/v2\/posts\/7483"}],"collection":[{"href":"http:\/\/niecodziennosc.kubic.info\/index.php?rest_route=\/wp\/v2\/posts"}],"about":[{"href":"http:\/\/niecodziennosc.kubic.info\/index.php?rest_route=\/wp\/v2\/types\/post"}],"author":[{"embeddable":true,"href":"http:\/\/niecodziennosc.kubic.info\/index.php?rest_route=\/wp\/v2\/users\/1"}],"replies":[{"embeddable":true,"href":"http:\/\/niecodziennosc.kubic.info\/index.php?rest_route=%2Fwp%2Fv2%2Fcomments&post=7483"}],"version-history":[{"count":1,"href":"http:\/\/niecodziennosc.kubic.info\/index.php?rest_route=\/wp\/v2\/posts\/7483\/revisions"}],"predecessor-version":[{"id":8971,"href":"http:\/\/niecodziennosc.kubic.info\/index.php?rest_route=\/wp\/v2\/posts\/7483\/revisions\/8971"}],"wp:attachment":[{"href":"http:\/\/niecodziennosc.kubic.info\/index.php?rest_route=%2Fwp%2Fv2%2Fmedia&parent=7483"}],"wp:term":[{"taxonomy":"category","embeddable":true,"href":"http:\/\/niecodziennosc.kubic.info\/index.php?rest_route=%2Fwp%2Fv2%2Fcategories&post=7483"},{"taxonomy":"post_tag","embeddable":true,"href":"http:\/\/niecodziennosc.kubic.info\/index.php?rest_route=%2Fwp%2Fv2%2Ftags&post=7483"}],"curies":[{"name":"wp","href":"https:\/\/api.w.org\/{rel}","templated":true}]}}