{"id":7484,"date":"2014-08-16T01:48:54","date_gmt":"2014-08-15T23:48:54","guid":{"rendered":"http:\/\/niecodziennosc.kubic.info\/index.php\/2014\/08\/16\/na-uboczu\/"},"modified":"2014-08-16T01:48:54","modified_gmt":"2014-08-15T23:48:54","slug":"na-uboczu","status":"publish","type":"post","link":"http:\/\/niecodziennosc.kubic.info\/?p=7484","title":{"rendered":"Na uboczu"},"content":{"rendered":"<p>Jak r\u00f3\u017cne \u015bwiaty mog\u0105 istnie\u0107 niedaleko od siebie&#8230;<\/p>\n<p>Dwa dni, sp\u0119dzone tam, gdzie ko\u0144czy si\u0119 droga, w Beskidzie Wyspowym, gdzie urodzi\u0142 si\u0119 i dorasta\u0142 m\u0142ody ch\u0142opak. By\u0142 najm\u0142odszy w wielodzietnej rodzinie i rodzice wi\u0105zali z nim nadzieje, \u017ce pozostanie na gospodarce. Nie zosta\u0142. Przeszed\u0142 do innego \u015bwiata, kt\u00f3ry dla jego rodzic\u00f3w by\u0142 niedost\u0119pny. Dlaczego niedost\u0119pny? Mo\u017ce dlatego, \u017ce nie chcieli, nie wyobra\u017cali sobie, \u017ce mog\u0105 do innego przej\u015b\u0107. Mo\u017ce dlatego, \u017ce w swoim \u017cyciu i tak wyszli ju\u017c z jednego \u015bwiata, cho\u0107by wtedy, kiedy uczyli si\u0119 czyta\u0107, jako doro\u015bli, a za elementarz pos\u0142u\u017cy\u0142a im ksi\u0119ga, kt\u00f3r\u0105 pokochali &#8211; Pismo \u015awi\u0119te.<\/p>\n<p><img fetchpriority=\"high\" decoding=\"async\" src=\"wp-content\/uploads\/2019\/03\/_F1A4367.jpg\" alt=\"\" width=\"500\" height=\"333\" \/><\/p>\n<p>&#65279;M\u0142ody ch\u0142opak nie zosta\u0142 na gospodarce, a gospodarki dzisiaj nie ma. Tam, w g\u00f3rze, pozosta\u0142a wegetacja w czym\u015b, co dzi\u015b mo\u017cna okre\u015bli\u0107, bez wi\u0119kszego b\u0142\u0119du, s\u0142owem <em>skansen<\/em> . \u017bycie z rolnictwa, o ile ma by\u0107 \u017cyciem okre\u015blanym przez ludzi jako <em>godne<\/em>, wygl\u0105da dzi\u015b zupe\u0142nie inaczej. Zreszt\u0105 w tej wsi \u017cycie zawsze ociera\u0142o si\u0119 o wegetacj\u0119, by\u0142o to zmaganie z si\u0142ami natury, kamienist\u0105 ziemi\u0105, nachylonymi ostro stokami p\u00f3l, brakiem zaopatrzenia, nawet zwyk\u0142ego sklepu. Dzi\u015b s\u0105siedzi je\u017cd\u017c\u0105 samochodami, lecz jeszcze dwadzie\u015bcia lat temu byli skazani na piesz\u0105 w\u0119dr\u00f3wk\u0119.<\/p>\n<p><img decoding=\"async\" src=\"wp-content\/uploads\/2019\/03\/Pcim_F1A4363.jpg\" alt=\"\" width=\"500\" height=\"333\" \/><\/p>\n<p>W cha\u0142upie niewiele si\u0119 zmieni\u0142o. Tyle, \u017ce boazeria, kt\u00f3r\u0105 wykonano trzydzie\u015bci lat temu, nie jest ju\u017c atrakcyjna, podobnie jak wybudowany w pokoju go\u015bcinnym kominek. Nie ma ju\u017c wychodka, ubikacji na zewn\u0105trz, podobnie jak nie ma gnojowiska, nad kt\u00f3rym sta\u0142 wychodek. W pomieszczeniu obok, kt\u00f3re by\u0142o drewutni\u0105, ustawiono muszl\u0119 klozetow\u0105, kabin\u0119 prysznica oraz zawieszono na drewnianej \u015bcianie umywalk\u0119. \u015aciany to grube bale z drzew, uszczelnione zwart\u0105, kr\u00f3tko ci\u0119t\u0105 s\u0142om\u0105. Nie t\u0142umi ona d\u017awi\u0119k\u00f3w, z \u0142atwo\u015bci\u0105 s\u0142ucha\u0107 g\u0142o\u015bniejsz\u0105 rozmow\u0119 po drugiej stronie.<\/p>\n<p><img decoding=\"async\" src=\"wp-content\/uploads\/2019\/03\/Pcim_F1A4391.jpg\" alt=\"\" width=\"500\" height=\"333\" \/><\/p>\n<p>Nad wej\u015bciem, nad drzwiami z szyb\u0105, namalowano bia\u0142\u0105 farb\u0105 numer domu: 302. Ten numer wpisywa\u0142 potem m\u0142ody ch\u0142opak na poczt\u00f3wkach, gdy ju\u017c przesta\u0142 by\u0107 bardzo m\u0142ody i si\u0119 o\u017ceni\u0142, i zamieszka\u0142 w innym domu, sto kilometr\u00f3w st\u0105d. Kartki przychodzi\u0142y w\u0142a\u015bnie tu, do matki, gdy ojciec ju\u017c nie \u017cy\u0142. Ch\u0142opak przyje\u017cd\u017ca\u0142 j\u0105 odwiedza\u0107, pisa\u0142 do niej listy, potem przyje\u017cd\u017ca\u0142 z rodzin\u0105, gdy urodzi\u0142 mu si\u0119 syn, i drugi. Zostawiali samoch\u00f3d o dwie g\u00f3ry st\u0105d i szli p\u00f3\u0142 godziny, czterdzie\u015bci minut.<\/p>\n<p><img loading=\"lazy\" decoding=\"async\" src=\"wp-content\/uploads\/2019\/03\/Pcim_F1A4389fotPiotrKubic.jpg\" alt=\"\" width=\"500\" height=\"333\" \/><\/p>\n<p>Matka nie chcia\u0142a st\u0105d odchodzi\u0107. W ko\u0144cu tu umar\u0142a. St\u0105d wyruszy\u0142 pogrzeb, w strugach deszczu, z trumn\u0105 na wozie, kt\u00f3re ci\u0105gn\u0119\u0142y dwa konie po\u017cyczone od s\u0105siada. Na stromi\u017anie, gdzie o\u015bliz\u0142a gleba, przytrzymano w\u00f3z, tam droga schodzi\u0142a ostro w d\u00f3\u0142, w stron\u0119 lasu, do potoku. Cmentarz jest kilka kilometr\u00f3w dalej, gdy droga wywinie si\u0119 w ko\u0144cu spomi\u0119dzy domostw, dotrze do rzeki i przekroczy j\u0105 d\u0142ugim mostem. Cmentarz kiedy\u015b patrzy\u0142 z g\u00f3ry na krajow\u0105 szos\u0119, ale od kiedy wybudowano autostrad\u0119, i on jest na uboczu.<\/p>\n<p><img loading=\"lazy\" decoding=\"async\" src=\"wp-content\/uploads\/2019\/03\/Pcim_F1A4435fotPiotrKubic.jpg\" alt=\"Pcim, pejza\u017c, fot. Piotr Kubic\" width=\"500\" height=\"333\" \/><\/p>\n","protected":false},"excerpt":{"rendered":"<p>Jak r\u00f3\u017cne \u015bwiaty mog\u0105&#8230;<\/p>\n","protected":false},"author":1,"featured_media":0,"comment_status":"open","ping_status":"open","sticky":false,"template":"","format":"standard","meta":{"footnotes":""},"categories":[50],"tags":[339,896,208,638,870,269],"_links":{"self":[{"href":"http:\/\/niecodziennosc.kubic.info\/index.php?rest_route=\/wp\/v2\/posts\/7484"}],"collection":[{"href":"http:\/\/niecodziennosc.kubic.info\/index.php?rest_route=\/wp\/v2\/posts"}],"about":[{"href":"http:\/\/niecodziennosc.kubic.info\/index.php?rest_route=\/wp\/v2\/types\/post"}],"author":[{"embeddable":true,"href":"http:\/\/niecodziennosc.kubic.info\/index.php?rest_route=\/wp\/v2\/users\/1"}],"replies":[{"embeddable":true,"href":"http:\/\/niecodziennosc.kubic.info\/index.php?rest_route=%2Fwp%2Fv2%2Fcomments&post=7484"}],"version-history":[{"count":0,"href":"http:\/\/niecodziennosc.kubic.info\/index.php?rest_route=\/wp\/v2\/posts\/7484\/revisions"}],"wp:attachment":[{"href":"http:\/\/niecodziennosc.kubic.info\/index.php?rest_route=%2Fwp%2Fv2%2Fmedia&parent=7484"}],"wp:term":[{"taxonomy":"category","embeddable":true,"href":"http:\/\/niecodziennosc.kubic.info\/index.php?rest_route=%2Fwp%2Fv2%2Fcategories&post=7484"},{"taxonomy":"post_tag","embeddable":true,"href":"http:\/\/niecodziennosc.kubic.info\/index.php?rest_route=%2Fwp%2Fv2%2Ftags&post=7484"}],"curies":[{"name":"wp","href":"https:\/\/api.w.org\/{rel}","templated":true}]}}