{"id":7488,"date":"2014-07-30T11:47:10","date_gmt":"2014-07-30T09:47:10","guid":{"rendered":"http:\/\/niecodziennosc.kubic.info\/index.php\/2014\/07\/30\/w-tramwaju\/"},"modified":"2014-07-30T11:47:10","modified_gmt":"2014-07-30T09:47:10","slug":"w-tramwaju","status":"publish","type":"post","link":"http:\/\/niecodziennosc.kubic.info\/?p=7488","title":{"rendered":"W tramwaju"},"content":{"rendered":"<p>Rondo Grzeg\u00f3rzeckie w Krakowie i ten widok, gdy jednym okiem mo\u017cna si\u0119gn\u0105\u0107 przez uchylone okno, a drugim &#8211; do wn\u0119trza. Jest gor\u0105co, nie ma klimatyzacji, okna rozsuni\u0119te szeroko, wywietrzniki dachowe podniesione. Niewielu pasa\u017cer\u00f3w, to nie godziny szczytu. Jest leniwie.<\/p>\n<p>Prawie tak samo, jak dwadzie\u015bcia lat temu, je\u017cd\u017c\u0105 jeszcze te same tramwaje. Rondo ju\u017c przebudowane, tory wymieniano kilkukrotnie, wozy nie ko\u0142ysz\u0105 si\u0119 tak, nie ha\u0142asuj\u0105 przy wi\u0119kszej pr\u0119dko\u015bci i nie stukaj\u0105 na po\u0142\u0105czeniach szyn. Czy jeszcze? S\u0105 o wiele czystsze. Pasa\u017cerowie nosz\u0105 przyjemniejsze dla oka ubrania, s\u0105 te\u017c mniej ponurzy i zamkni\u0119ci w sobie. O wiele przyjemniejszy panuje tu zapach. Czy ceny bilet\u00f3w s\u0105 wy\u017csze w stosunku do zarobk\u00f3w? Trudno powiedzie\u0107. Ale teraz jest ich wiele wariant\u00f3w, a prawie w ka\u017cdym tramwaju jest automat biletowy. Kultura kontroler\u00f3w chyba te\u017c si\u0119 poprawi\u0142a. Tramwaje je\u017cd\u017c\u0105 o wiele d\u0142u\u017cej, wi\u0119c nawet przed 23:00 mo\u017cna jeszcze jaki\u015b z\u0142apa\u0107. <\/p>\n<p>Tramwajarze ubrani tak, \u017ce nie przynosz\u0105 firmie ujmy. I nawet mile brzmi\u0105 odtwarzane automatycznie g\u0142osy &#8222;prosz\u0119 odsun\u0105\u0107 si\u0119 od drzwi&#8221;, gdy zajdzie potrzeba. Ale to w tych nowszych, bo w starych drzwi si\u0119 po prostu zamykaj\u0105, bez wzgl\u0119du na to, czy mi\u0119dzy nimi kto\u015b lub co\u015b si\u0119 znajduje.<\/p>\n<p><iframe width=\"500\" height=\"581\" src=\"http:\/\/instagram.com\/p\/rC8HySB5w7\/embed\/\" frameborder=\"0\" scrolling=\"no\"><\/iframe><\/p>\n","protected":false},"excerpt":{"rendered":"<p>Rondo Grzeg\u00f3rzeckie w&#8230;<\/p>\n","protected":false},"author":1,"featured_media":0,"comment_status":"open","ping_status":"open","sticky":false,"template":"","format":"standard","meta":{"footnotes":""},"categories":[50],"tags":[269],"_links":{"self":[{"href":"http:\/\/niecodziennosc.kubic.info\/index.php?rest_route=\/wp\/v2\/posts\/7488"}],"collection":[{"href":"http:\/\/niecodziennosc.kubic.info\/index.php?rest_route=\/wp\/v2\/posts"}],"about":[{"href":"http:\/\/niecodziennosc.kubic.info\/index.php?rest_route=\/wp\/v2\/types\/post"}],"author":[{"embeddable":true,"href":"http:\/\/niecodziennosc.kubic.info\/index.php?rest_route=\/wp\/v2\/users\/1"}],"replies":[{"embeddable":true,"href":"http:\/\/niecodziennosc.kubic.info\/index.php?rest_route=%2Fwp%2Fv2%2Fcomments&post=7488"}],"version-history":[{"count":0,"href":"http:\/\/niecodziennosc.kubic.info\/index.php?rest_route=\/wp\/v2\/posts\/7488\/revisions"}],"wp:attachment":[{"href":"http:\/\/niecodziennosc.kubic.info\/index.php?rest_route=%2Fwp%2Fv2%2Fmedia&parent=7488"}],"wp:term":[{"taxonomy":"category","embeddable":true,"href":"http:\/\/niecodziennosc.kubic.info\/index.php?rest_route=%2Fwp%2Fv2%2Fcategories&post=7488"},{"taxonomy":"post_tag","embeddable":true,"href":"http:\/\/niecodziennosc.kubic.info\/index.php?rest_route=%2Fwp%2Fv2%2Ftags&post=7488"}],"curies":[{"name":"wp","href":"https:\/\/api.w.org\/{rel}","templated":true}]}}