{"id":7489,"date":"2014-07-29T02:47:35","date_gmt":"2014-07-29T00:47:35","guid":{"rendered":"http:\/\/niecodziennosc.kubic.info\/index.php\/2014\/07\/29\/gdzie-przed-osiemnastoma-laty\/"},"modified":"2014-07-29T02:47:35","modified_gmt":"2014-07-29T00:47:35","slug":"gdzie-przed-osiemnastoma-laty","status":"publish","type":"post","link":"http:\/\/niecodziennosc.kubic.info\/?p=7489","title":{"rendered":"Gdzie przed osiemnastoma laty"},"content":{"rendered":"<p>Jestem i uk\u0142adam si\u0119 do snu w miejscu, w kt\u00f3rym, przed osiemnastoma laty, \u017cy\u0142em. Wtedy ju\u017c od pi\u0119ciu lat, dzie\u0144 po dniu. Napisa\u0107, \u017ce tamten czas, dzi\u015b, to jak sen &#8211; to banalne, nawet je\u015bli prawdziwe. Lecz prawda cz\u0119sto jest banalna, nawet je\u015bli nie chcemy w ni\u0105 uwierzy\u0107, tak na pocz\u0105tek; potem bronimy jej zaciekle przed bana\u0142em, a w ko\u0144cu okazuje si\u0119 nim, w spos\u00f3b tak oczywisty, \u017ce nawet szkoda o tym gada\u0107.<\/p>\n<p>Za oknem pob\u0142yskuj\u0105 czerwone \u015bwiat\u0142a na kominach elektrociep\u0142owni, jak osiemna\u015bcie lat temu, z kilku kilometr\u00f3w; wed\u0142ug \u015bci\u015ble okre\u015blonego interwa\u0142u, przewidzianego przepisami, dla ostrzegania cho\u0107by samolot\u00f3w. Nie zakry\u0142y je rozrastaj\u0105ce si\u0119 drzewa. \u015awiat\u0142a sugeruj\u0105, \u017ce nic si\u0119 nie zmieni\u0142o, ale przecie\u017c nie \u015bwiat\u0142a decyduj\u0105 o tym. Tylko moja pami\u0119\u0107, a raczej moja jej interpretacja.<\/p>\n<p>Tutaj, a konkretniej, w pokoju obok, powstawa\u0142y moje marzenia. Westchnienia pe\u0142ne wolno\u015bci zderza\u0142y si\u0119 z uniwersyteck\u0105 rzeczywisto\u015bci\u0105, codzienno\u015bci\u0105, a raczej &#8211; pr\u00f3bowa\u0142y si\u0119 zderzy\u0107, bo udawa\u0142o si\u0119 im dopiero podczas sesji egzaminacyjnych, zdecydowanie za p\u00f3\u017ano. Niemo\u017cno\u015b\u0107 prostej oceny samego siebie po tak d\u0142ugim czasie (kt\u00f3ry wcale nie wydaje si\u0119 d\u0142ugi), czy to nie zastanawiaj\u0105ce?<\/p>\n<p>\u015awiadomo\u015b\u0107 przemijania, pr\u0119dzej czy p\u00f3\u017aniej, sk\u0142ania nas do przyj\u0119cia je za norm\u0119, za co\u015b warte co najwy\u017cej wzruszenia ramionami. M\u00f3j syn p\u0142aka\u0142 ostatniej nocy, t\u0119skni\u0105c za matk\u0105, kt\u00f3rej nie mia\u0142 obok. Ja, maj\u0105c cztery razy tyle lat, co on teraz, wierzy\u0142em jeszcze w zbawcz\u0105 moc obecno\u015bci drugiego cz\u0142owieka. To okaza\u0142o si\u0119 zbyt bolesne. Dzi\u015b &#8211; nawet niedojrza\u0142e. Jeste\u015bmy skazani na samotno\u015b\u0107, i dopiero kiedy zdamy sobie z tego spraw\u0119, kiedy przyjmiemy to do wiadomo\u015bci, pogodzimy si\u0119 z tym i nauczymy si\u0119 radzi\u0107 sobie sami, wtedy dopiero mo\u017ce pojawi\u0107 si\u0119 drugi cz\u0142owiek i wtedy zbawcza moc mo\u017ce zacz\u0105\u0107 dzia\u0142a\u0107. Gdybym chcia\u0142 zmniejszy\u0107 b\u00f3l mojego syna (a na pewno chcia\u0142bym), powinienem mu t\u0119 my\u015bl jako\u015b przekaza\u0107, im wcze\u015bniej tym lepiej. Lecz przekaza\u0107, tak po prostu, nie jestem w stanie. Jak tylko skaza\u0107 go na do\u015bwiadczenie&#8230;<\/p>\n<p>W tym domu, w pokoju obok, przeszed\u0142em straszne chwile. Tutaj dotar\u0142em do granic moich mo\u017cliwo\u015bci, kt\u00f3rych przedtem nie zna\u0142em, z kt\u00f3rych nie zda\u0142em sobie sprawy, nawet, kiedy do nich dotar\u0142em. Teraz patrz\u0119 na siebie sprzed dwudziestu lat i mam wra\u017cenie, \u017ce widz\u0119 posta\u0107 poruszaj\u0105c\u0105 si\u0119 we mgle, nie\u015bwiadom\u0105 tego, czego dotyka\u0142a, z czym si\u0119 spotyka\u0142a.<\/p>\n<p>\u015amiej\u0119 si\u0119 na t\u0119 my\u015bl. Bo ona sugeruje, \u017ce dzi\u015b ju\u017c wiem. A co ja wiem? A czy przed dwudziestu laty te\u017c nie s\u0105dzi\u0142em, \u017ce wiem? Oczywi\u015bcie, \u017ce tak s\u0105dzi\u0142em. Chc\u0105c by\u0107 uczciwym dzi\u015b i przy okazji dowie\u017a\u0107, \u017ce czego\u015b si\u0119 jednak nauczy\u0142em, musz\u0119 stwierdzi\u0107, \u017ce&#8230; nie wiem. Co najwy\u017cej &#8211; podejrzewam, przeczuwam, wierz\u0119 lub przynajmniej &#8211; mam nadziej\u0119. Chwytam si\u0119 jej, jeszcze raz, zaczynaj\u0105c od pocz\u0105tku. Pr\u00f3buj\u0105c najuczciwiej jak mog\u0119 podej\u015b\u0107 do samego siebie, a potem, je\u015bli starczy si\u0142, do tego, co wok\u00f3\u0142&#8230;<\/p>\n<p><img fetchpriority=\"high\" decoding=\"async\" src=\"wp-content\/uploads\/2019\/03\/pola_F1A4405.jpg\" alt=\"Niesko\u0144czono\u015b\u0107 (pola) fot. Piotr Kubic\" width=\"500\" height=\"333\" \/><\/p>\n<p>Dlaczego to zdj\u0119cie jest tutaj?<\/p>\n<p>Zrobi\u0142em je, poniewa\u017c urzek\u0142y mnie poziome pasy s\u0142omy. W\u015br\u00f3d nich nie ma \u017cadnego elementu, kt\u00f3ry by \u015bwiadczy\u0142 o tym, \u017ce maj\u0105 sw\u00f3j pocz\u0105tek lub koniec, \u017ce co\u015b zmienia si\u0119 w ich przebiegu. Wydaje si\u0119, \u017ce przemierzaj\u0105 przestrze\u0144 w niesko\u0144czono\u015b\u0107, ci\u0105gle takie same, nierozr\u00f3\u017cnialne, jednakowe, bez pocz\u0105tku i ko\u0144ca. S\u0105 bezimienne jak nasze \u017cycie, jedno z wielu, nawet je\u015bli dla nas samych ciekawe, to z perspektywy czasu i przestrzeni nie r\u00f3\u017cni\u0105ce si\u0119 od innych. Takie (po prostu) sobie.<\/p>\n","protected":false},"excerpt":{"rendered":"<p>Jestem i uk\u0142adam si\u0119 &#8230;<\/p>\n","protected":false},"author":1,"featured_media":0,"comment_status":"open","ping_status":"open","sticky":false,"template":"","format":"standard","meta":{"footnotes":""},"categories":[27],"tags":[893,646,413,676,747,269],"_links":{"self":[{"href":"http:\/\/niecodziennosc.kubic.info\/index.php?rest_route=\/wp\/v2\/posts\/7489"}],"collection":[{"href":"http:\/\/niecodziennosc.kubic.info\/index.php?rest_route=\/wp\/v2\/posts"}],"about":[{"href":"http:\/\/niecodziennosc.kubic.info\/index.php?rest_route=\/wp\/v2\/types\/post"}],"author":[{"embeddable":true,"href":"http:\/\/niecodziennosc.kubic.info\/index.php?rest_route=\/wp\/v2\/users\/1"}],"replies":[{"embeddable":true,"href":"http:\/\/niecodziennosc.kubic.info\/index.php?rest_route=%2Fwp%2Fv2%2Fcomments&post=7489"}],"version-history":[{"count":0,"href":"http:\/\/niecodziennosc.kubic.info\/index.php?rest_route=\/wp\/v2\/posts\/7489\/revisions"}],"wp:attachment":[{"href":"http:\/\/niecodziennosc.kubic.info\/index.php?rest_route=%2Fwp%2Fv2%2Fmedia&parent=7489"}],"wp:term":[{"taxonomy":"category","embeddable":true,"href":"http:\/\/niecodziennosc.kubic.info\/index.php?rest_route=%2Fwp%2Fv2%2Fcategories&post=7489"},{"taxonomy":"post_tag","embeddable":true,"href":"http:\/\/niecodziennosc.kubic.info\/index.php?rest_route=%2Fwp%2Fv2%2Ftags&post=7489"}],"curies":[{"name":"wp","href":"https:\/\/api.w.org\/{rel}","templated":true}]}}