{"id":7492,"date":"2014-07-17T22:34:18","date_gmt":"2014-07-17T20:34:18","guid":{"rendered":"http:\/\/niecodziennosc.kubic.info\/index.php\/2014\/07\/17\/o-pokusie\/"},"modified":"2014-07-17T22:34:18","modified_gmt":"2014-07-17T20:34:18","slug":"o-pokusie","status":"publish","type":"post","link":"http:\/\/niecodziennosc.kubic.info\/?p=7492","title":{"rendered":"O pokusie"},"content":{"rendered":"<p>Spektakl sko\u0144czy\u0142 si\u0119 o 21:40. Wy\u0142\u0105czy\u0142em wzmacniacze, potem st\u00f3\u0142 mikserski, wreszcie zasilanie w realizatorce. Zamkn\u0105\u0142em drzwi i zszed\u0142em po schodach do mojego pokoju. Usiad\u0142em przy komputerze, przy monta\u017cu filmu.\u00a0<\/p>\n<p>Po chwili podnios\u0142em g\u0142ow\u0119 i spojrza\u0142em na zegarek. By\u0142a 22:00. Czterdzie\u015bci minut zgin\u0119\u0142o. Nie! Te czterdzie\u015bci minut mojej bezgranicznej uwagi strawi\u0142em na wpatrywanie si\u0119 w uj\u0119cia, ws\u0142uchiwanie w s\u0142owa i melodie, w rozwa\u017cania, gdzie przeci\u0105\u0107, czy tu, czy p\u00f3\u0142 sekundy dalej.<\/p>\n<p>Takie zapomnienie si\u0119 jest pi\u0119kne, lecz okropnie drenuje m\u00f3zg. Wstaj\u0119, i nie wiem, gdzie jestem. Wczoraj, w podobnym momencie, kolega z pracy powiedzia\u0142 przez uchylone drzwi &#8222;cze\u015b\u0107 Piotrze&#8221;. Wystraszy\u0142 mnie, podskoczy\u0142em, a kiedy zacz\u0105\u0142 robi\u0107 sobie g\u0142upie \u017carty, mia\u0142em ochot\u0119 rozerwa\u0107 co\u015b na strz\u0119py.<\/p>\n<p>Nie tylko drenuje m\u00f3zg, ale fatalnie wp\u0142ywa na cia\u0142o &#8211; mi\u0119\u015bnie, stawy, pewnie te\u017c uk\u0142ad krwiono\u015bny. A oddechowy? Przestaj\u0119 przecie\u017c oddycha\u0107, sam nie wiem, czy zapominam, czy blokuj\u0119. Podnosz\u0119 si\u0119 z kl\u0119cznika (u\u017cywam go na zmian\u0119 z krzes\u0142em), przechodz\u0119 kilka krok\u00f3w, \u017ceby si\u0119 rozrusza\u0107. W drzwiach zamontowa\u0142em dr\u0105\u017cek do podci\u0105gania si\u0119 i rozci\u0105gania kr\u0119gos\u0142upa. Po kilku dniach pracy w bezruchu moja fizyczno\u015b\u0107 jest do niczego. Zreszt\u0105 psychika r\u00f3wnie\u017c. Mi\u0119\u015bnie domagaj\u0105 si\u0119 ruchu (&#8222;my te\u017c chcemy co\u015b robi\u0107!), a skoro nie robi\u0105 nic, to w jaki\u015b spos\u00f3b mszcz\u0105 si\u0119 na m\u00f3zgu. Podejrzewam, \u017ce wysy\u0142aj\u0105 mu jakie\u015b jady, zatruwaj\u0105, zazdrosne. Koniec ko\u0144c\u00f3w &#8211; m\u00f3zg te\u017c przestaje pracowa\u0107, pozostaje w\u0105ski tunel, w kt\u00f3rym \u015bwiat\u0142a jest coraz mniej, a dalej &#8211; ciemna otch\u0142a\u0144, z kt\u00f3rej mo\u017cna wyj\u015b\u0107 tylko z b\u00f3lem.<\/p>\n<p>Pisanie tekst\u00f3w, montowanie film\u00f3w, to nieko\u0144cz\u0105ca si\u0119 hu\u015btawka mi\u0119dzy \u015bwiatami. Jeden to ten nasz wsp\u00f3lny, ludzki, codzienny. Drugi to \u015bwiat wyobra\u017ani, kt\u00f3ry jest fascynuj\u0105cy, ale kt\u00f3rego jednocze\u015bnie si\u0119 boj\u0119, bo ma jak\u0105\u015b potworn\u0105 si\u0142\u0119. Przeczuwam, \u017ce si\u0142a ta dysponuje walcem i czeka tylko, \u017ceby po mnie przejecha\u0107, nie mru\u017c\u0105c oka. Czy warto mie\u0107 z ni\u0105 do czynienia&#8230;? Odpowied\u017a nie jest oczywista. W sumie, po co mi to&#8230;?<\/p>\n<p>Przypomnia\u0142em sobie co\u015b:<\/p>\n<p style=\"padding-left: 30px;\"><strong><em>O pokusie<\/em><\/strong><\/p>\n<p style=\"padding-left: 30px;\"><em>Ilekro\u0107 zw\u0105tpisz w swoj\u0105 prac\u0119, ilekro\u0107 skusi ci\u0119 zm\u0119czenie, md\u0142o\u015bci, dr\u0119cz\u0105ce uczucie utraty celu! &#8211; samooskar\u017cenie, ze to tylko pr\u00f3\u017cno\u015b\u0107, mroczne po\u017c\u0105danie, \u017ce lepiej by\u0142oby porzuci\u0107 to wszystko, doprowadzi\u0107 do ko\u0144ca jedynie dzia\u0142ania najkonieczniejsze i samozachowawcze, a wi\u0119c: czyta\u0107 i \u017cy\u0107; \u017cy\u0107 bez znaczenia i przemin\u0105\u0107 bez \u015bladu &#8211; wiedz, \u017ce to najci\u0119\u017csza pokusa, jak\u0105 ci podsunie \u017cycie. W\u00f3wczas musisz by\u0107 silniejszy ni\u017c prawdziwi bohaterowie, kiedy stoj\u0105 oko w oko z niewykonalnym zadaniem. Wiedz, \u017ce do wszystkiego masz chyba wi\u0119ksze prawo, ani\u017celi uciec przed prac\u0105, jak\u0105 los wybra\u0142 dla ciebie<\/em>.<\/p>\n<p style=\"text-align: right;\">Sandor Marai, &#8222;Ksi\u0119ga zi\u00f3\u0142&#8221;, Czytelnik, Warszawa 2009, str. 123<br \/>dzi\u0119ki margaret.ta<\/p>\n<p>Tak wi\u0119c&#8230; Trzeba dorobi\u0107 napisy pocz\u0105tkowe i ko\u0144cowe. Nie pomyli\u0107 si\u0119 w obsadzie. Doda\u0107 loga sponsor\u00f3w&#8230;<\/p>\n<p><img fetchpriority=\"high\" decoding=\"async\" src=\"wp-content\/uploads\/2019\/03\/_F1A3005.jpg\" alt=\"Samotne drzewo, fot. Piotr Kubic\" width=\"500\" height=\"333\" \/><\/p>\n","protected":false},"excerpt":{"rendered":"<p>Spektakl sko\u0144czy\u0142 si\u0119&#8230;<\/p>\n","protected":false},"author":1,"featured_media":0,"comment_status":"open","ping_status":"open","sticky":false,"template":"","format":"standard","meta":{"footnotes":""},"categories":[57],"tags":[889,327,870,70],"_links":{"self":[{"href":"http:\/\/niecodziennosc.kubic.info\/index.php?rest_route=\/wp\/v2\/posts\/7492"}],"collection":[{"href":"http:\/\/niecodziennosc.kubic.info\/index.php?rest_route=\/wp\/v2\/posts"}],"about":[{"href":"http:\/\/niecodziennosc.kubic.info\/index.php?rest_route=\/wp\/v2\/types\/post"}],"author":[{"embeddable":true,"href":"http:\/\/niecodziennosc.kubic.info\/index.php?rest_route=\/wp\/v2\/users\/1"}],"replies":[{"embeddable":true,"href":"http:\/\/niecodziennosc.kubic.info\/index.php?rest_route=%2Fwp%2Fv2%2Fcomments&post=7492"}],"version-history":[{"count":0,"href":"http:\/\/niecodziennosc.kubic.info\/index.php?rest_route=\/wp\/v2\/posts\/7492\/revisions"}],"wp:attachment":[{"href":"http:\/\/niecodziennosc.kubic.info\/index.php?rest_route=%2Fwp%2Fv2%2Fmedia&parent=7492"}],"wp:term":[{"taxonomy":"category","embeddable":true,"href":"http:\/\/niecodziennosc.kubic.info\/index.php?rest_route=%2Fwp%2Fv2%2Fcategories&post=7492"},{"taxonomy":"post_tag","embeddable":true,"href":"http:\/\/niecodziennosc.kubic.info\/index.php?rest_route=%2Fwp%2Fv2%2Ftags&post=7492"}],"curies":[{"name":"wp","href":"https:\/\/api.w.org\/{rel}","templated":true}]}}