{"id":7494,"date":"2014-07-11T21:21:41","date_gmt":"2014-07-11T19:21:41","guid":{"rendered":"http:\/\/niecodziennosc.kubic.info\/index.php\/2014\/07\/11\/pozale-sie\/"},"modified":"2014-07-11T21:21:41","modified_gmt":"2014-07-11T19:21:41","slug":"pozale-sie","status":"publish","type":"post","link":"http:\/\/niecodziennosc.kubic.info\/?p=7494","title":{"rendered":"Po\u017cal\u0119 si\u0119"},"content":{"rendered":"<p>Padam na twarz. To efekt braku higieny psychicznej. Wczorajsze zmagania techniczne z filmem pod\u0142ama\u0142y mnie. M\u00f3j laptop ma zbyt nowy system operacyjny, jak si\u0119 okazuje, i starszy program do edycji wideo nie zawsze chce z nim wsp\u00f3\u0142pracowa\u0107. Nie mia\u0142em poj\u0119cia, \u017ce tak mo\u017ce si\u0119 zdarzy\u0107. Lecz otrzymuj\u0105c kilkakrotnie komunikat &#8222;General Error&#8221; zagl\u0105dn\u0105\u0142em do internetu. Okaza\u0142o si\u0119, ku mojemu zdo\u0142owaniu, \u017ce system Mavericks nie musi obs\u0142ugiwa\u0107 programu Final Cut Pro 7. To moja wina, zreszt\u0105 zawsze jest wina u\u017cytkownika. Bo nie doczyta\u0142em wszystkiego, kiedy uaktualnia\u0142em system Mountain Lion do systemu Mavericks. Lepiej by\u0142o go nie uaktualnia\u0107, w mojej sytuacji.<\/p>\n<p>Eksport filmu trwa\u0142 oko\u0142o godziny, po czym program zawiesza\u0142 si\u0119. By\u0142o to wieczorem, a wed\u0142ug umowy mia\u0142em odda\u0107 film do p\u00f3\u0142nocy. Pi\u0119kna perspektywa, prawda? Tak wi\u0119c po okresie monta\u017cu, kreatywnego my\u015blenia &#8211; co z czym po\u0142\u0105czy\u0107, co wyrzuci\u0107, co zostawi\u0107 &#8211; na koniec &#8211; gehenna techniczna. Na granicy wytrzyma\u0142o\u015bci psychicznej &#8211; dochodzenie &#8211; co mo\u017ce by\u0107 przyczyn\u0105 problemu, jak go omin\u0105\u0107&#8230;?<\/p>\n<p>W takich momentach dobrze rozumiem, dlaczego re\u017cyser nie powinien zajmowa\u0107 si\u0119 techniczn\u0105 stron\u0105 przedsi\u0119wzi\u0119cia. Kiedy pracowa\u0142em np. przy nagraniach d\u017awi\u0119kowych, do moich zada\u0144 nale\u017ca\u0142o zestawienie sprz\u0119tu i uruchomienie tak, by wszystko dzia\u0142a\u0142o. To ju\u017c wystarczaj\u0105co du\u017co pracy dla jednego cz\u0142owieka. Kiedy my\u015blisz o koncepcji, abstrakcji, formie, atmosferze, przep\u0142ywie emocji, to chcesz, \u017ceby technika by\u0142a ci pos\u0142uszna. Inaczej &#8211; zapomnij o tw\u00f3rczo\u015bci. Ja tym razem nie mam tego komfortu.<\/p>\n<p>W ko\u0144cu uda\u0142o si\u0119 co\u015b wyeksportowa\u0107, i cho\u0107 materia\u0142 jest jeszcze do poprawy, to za\u0142\u0105czam go tutaj.<\/p>\n<p><iframe width=\"500\" height=\"281\" src=\"http:\/\/www.youtube.com\/embed\/AIAhP1FS3RU?rel=0\" frameborder=\"0\"><\/iframe><\/p>\n","protected":false},"excerpt":{"rendered":"<p>Padam na twarz. To &#8230;<\/p>\n","protected":false},"author":1,"featured_media":0,"comment_status":"open","ping_status":"open","sticky":false,"template":"","format":"standard","meta":{"footnotes":""},"categories":[57],"tags":[327,70],"_links":{"self":[{"href":"http:\/\/niecodziennosc.kubic.info\/index.php?rest_route=\/wp\/v2\/posts\/7494"}],"collection":[{"href":"http:\/\/niecodziennosc.kubic.info\/index.php?rest_route=\/wp\/v2\/posts"}],"about":[{"href":"http:\/\/niecodziennosc.kubic.info\/index.php?rest_route=\/wp\/v2\/types\/post"}],"author":[{"embeddable":true,"href":"http:\/\/niecodziennosc.kubic.info\/index.php?rest_route=\/wp\/v2\/users\/1"}],"replies":[{"embeddable":true,"href":"http:\/\/niecodziennosc.kubic.info\/index.php?rest_route=%2Fwp%2Fv2%2Fcomments&post=7494"}],"version-history":[{"count":0,"href":"http:\/\/niecodziennosc.kubic.info\/index.php?rest_route=\/wp\/v2\/posts\/7494\/revisions"}],"wp:attachment":[{"href":"http:\/\/niecodziennosc.kubic.info\/index.php?rest_route=%2Fwp%2Fv2%2Fmedia&parent=7494"}],"wp:term":[{"taxonomy":"category","embeddable":true,"href":"http:\/\/niecodziennosc.kubic.info\/index.php?rest_route=%2Fwp%2Fv2%2Fcategories&post=7494"},{"taxonomy":"post_tag","embeddable":true,"href":"http:\/\/niecodziennosc.kubic.info\/index.php?rest_route=%2Fwp%2Fv2%2Ftags&post=7494"}],"curies":[{"name":"wp","href":"https:\/\/api.w.org\/{rel}","templated":true}]}}