{"id":7495,"date":"2014-07-10T14:54:09","date_gmt":"2014-07-10T12:54:09","guid":{"rendered":"http:\/\/niecodziennosc.kubic.info\/index.php\/2014\/07\/10\/o-pracy-nad-krotkim-filmem\/"},"modified":"2014-07-10T14:54:09","modified_gmt":"2014-07-10T12:54:09","slug":"o-pracy-nad-krotkim-filmem","status":"publish","type":"post","link":"http:\/\/niecodziennosc.kubic.info\/?p=7495","title":{"rendered":"O pracy nad kr\u00f3tkim filmem"},"content":{"rendered":"<p>Dzi\u015b mam sko\u0144czy\u0107 kr\u00f3tki film o warsztatach teatralnych dla m\u0142odzie\u017cy <a href=\"http:\/\/www.lwt.bagatela.pl\/\">Lato w teatrze<\/a>. To zaledwie kilka minut, ale chcia\u0142bym, \u017ceby zawar\u0142y one pozytywn\u0105 energi\u0119 i dobr\u0105 atmosfer\u0119 tego wydarzenia. Filmik jest prawie sko\u0144czony, brakuje zako\u0144czenia.<\/p>\n<p>Niesamowita jest ilo\u015b\u0107 decyzji, gdy tworzy si\u0119 nawet co\u015b tak ma\u0142ego. Najwygodniej by\u0142oby post\u0119powa\u0107 wed\u0142ug jakiego\u015b schematu, szablonu. Ale to jest ma\u0142o ciekawe. O wiele ciekawsza jest w\u0119dr\u00f3wka, kt\u00f3ra nie wiadomo do czego zaprowadzi. Wa\u017cne, aby ta droga by\u0142a konsekwentna, a to oznacza, \u017ce trzeba odrzuci\u0107 wiele pomys\u0142\u00f3w, kt\u00f3re si\u0119 pojawi\u0142y, a kt\u00f3re zbyt poszerzaj\u0105 horyzont. Sfilmowa\u0142em wiele uj\u0119\u0107, ponad po\u0142owa z nich nie zostanie wykorzystana. Nie dlatego, \u017ce s\u0105 z\u0142e, ale poniewa\u017c nie u\u0142o\u017c\u0105 si\u0119 konsekwentnej linii, kt\u00f3ra zreszt\u0105 i tak dopiero si\u0119 wy\u0142ania. Czy \u017cal mi tych uj\u0119\u0107? Tak. Ale trzeba by\u0107 konsekwentnym.<\/p>\n<p>Trudno mi postawi\u0107 ko\u0144cow\u0105 &#8222;kropk\u0119 nad i&#8221;. Mam wra\u017cenie, \u017ce jeszcze czego\u015b brakuje. A mo\u017ce trudno\u015b\u0107 wynika z czego\u015b innego &#8211; z tego, \u017ce wraz z ko\u0144cem filmiku zako\u0144czy si\u0119 moja z nim przygoda&#8230;? Przy tworzeniu napotyka si\u0119 na w\u0142asne ograniczenia, niewyja\u015bnione trudno\u015bci. Co\u015b mi przeszkadza i nie jest to co\u015b z zewn\u0105trz, ale ewidentnie &#8211; z mojego wn\u0119trza. Rozpoznawanie tego, prze\u0142amywanie, radzenie sobie z samym sob\u0105, to codzienne \u017cycie tw\u00f3rcy.<\/p>\n<p><img fetchpriority=\"high\" decoding=\"async\" src=\"wp-content\/uploads\/2019\/03\/LWT2014_07_02_025.jpg\" alt=\"Wystawa Stanleya Kubricka, MN w Krakowie, fot. Piotr Kubic\" width=\"500\" height=\"333\" \/><\/p>\n<h5>Uczestnicy warsztat\u00f3w na wystawie Stanleya Kubricka w Muzeum Narodowym w Krakowie. Wi\u0119cej zdj\u0119\u0107 na blogu warsztat\u00f3w <a href=\"http:\/\/www.lwt.bagatela.pl\/\">www.lwt.bagatela.pl.<\/a><\/h5>\n<p>\u00a0<\/p>\n<p>Mam jeszcze taki dylemat. Chcia\u0142bym wstawi\u0107 uj\u0119cia z wycieczki do Muzeum Narodowego oraz do stacji TVN. Ale w og\u00f3lnym planie filmu trudno mi znale\u017a\u0107 na to miejsce. Brak mi uzasadnienia. Po drugie &#8211; uj\u0119cia z muzeum oraz telewizji wymagaj\u0105 komentarza, inaczej nie b\u0119d\u0105 czytelne dla widza. Najlepiej, gdyby komentarz dali sami m\u0142odzi. Trzeba go jako\u015b od nich wyci\u0105gn\u0105\u0107. Poszed\u0142em zatem z kamer\u0105 na polowanie i mam kilka wypowiedzi. Po selekcji wybra\u0142em trzy, ka\u017cda inna. Jedna jest bardzo osobista i szczera oraz brzmi niesamowicie ciep\u0142o. Druga jest bardzo oficjalna &#8211; wyra\u017cona przez m\u0142odego cz\u0142owieka, kt\u00f3ry chce by\u0107 dziennikarzem. Zaraz zobacz\u0119, jakie uj\u0119cia b\u0119d\u0105 do nich pasowa\u0107.<\/p>\n<p>Znalaz\u0142em te\u017c miejsce w filmie, w kt\u00f3rym uda si\u0119 wpu\u015bci\u0107 ten inny nieco temat &#8211; wycieczek. Zobacz\u0119, czy to b\u0119dzie pasowa\u0107.<\/p>\n","protected":false},"excerpt":{"rendered":"<p>Dzi\u015b mam sko\u0144czy\u0107 &#8230;<\/p>\n","protected":false},"author":1,"featured_media":0,"comment_status":"open","ping_status":"open","sticky":false,"template":"","format":"standard","meta":{"footnotes":""},"categories":[57],"tags":[867,870,70],"_links":{"self":[{"href":"http:\/\/niecodziennosc.kubic.info\/index.php?rest_route=\/wp\/v2\/posts\/7495"}],"collection":[{"href":"http:\/\/niecodziennosc.kubic.info\/index.php?rest_route=\/wp\/v2\/posts"}],"about":[{"href":"http:\/\/niecodziennosc.kubic.info\/index.php?rest_route=\/wp\/v2\/types\/post"}],"author":[{"embeddable":true,"href":"http:\/\/niecodziennosc.kubic.info\/index.php?rest_route=\/wp\/v2\/users\/1"}],"replies":[{"embeddable":true,"href":"http:\/\/niecodziennosc.kubic.info\/index.php?rest_route=%2Fwp%2Fv2%2Fcomments&post=7495"}],"version-history":[{"count":0,"href":"http:\/\/niecodziennosc.kubic.info\/index.php?rest_route=\/wp\/v2\/posts\/7495\/revisions"}],"wp:attachment":[{"href":"http:\/\/niecodziennosc.kubic.info\/index.php?rest_route=%2Fwp%2Fv2%2Fmedia&parent=7495"}],"wp:term":[{"taxonomy":"category","embeddable":true,"href":"http:\/\/niecodziennosc.kubic.info\/index.php?rest_route=%2Fwp%2Fv2%2Fcategories&post=7495"},{"taxonomy":"post_tag","embeddable":true,"href":"http:\/\/niecodziennosc.kubic.info\/index.php?rest_route=%2Fwp%2Fv2%2Ftags&post=7495"}],"curies":[{"name":"wp","href":"https:\/\/api.w.org\/{rel}","templated":true}]}}