{"id":7496,"date":"2014-07-08T23:16:48","date_gmt":"2014-07-08T21:16:48","guid":{"rendered":"http:\/\/niecodziennosc.kubic.info\/index.php\/2014\/07\/08\/zycie-bez-dziecka\/"},"modified":"2019-05-05T01:42:11","modified_gmt":"2019-05-04T23:42:11","slug":"zycie-bez-dziecka","status":"publish","type":"post","link":"http:\/\/niecodziennosc.kubic.info\/?p=7496","title":{"rendered":"\u017bycie bez dziecka"},"content":{"rendered":"<p>&#8211; Czy \u017cycie z dzieckiem jest inne, ni\u017c \u017cycie bez dziecka?<br \/>&#8211; A czy \u017cycie z dw\u00f3jk\u0105 dzieci jest inne, ni\u017c z jednym?<\/p>\n<p>Mieszkanie wype\u0142nia atmosfera ciszy. Wieczorem nie by\u0142o k\u0142\u00f3tni &#8222;kto pierwszy do \u0142azienki&#8221;, nie by\u0142o sprzeczek w dzieci\u0119cym pokoju. Nikt nie goni\u0142 nikogo przez przedpok\u00f3j. Ojciec nie musia\u0142 opanowywa\u0107 nerw\u00f3w, m\u00f3g\u0142 odpocz\u0105\u0107 po dniu pracy. Matka zaj\u0119\u0142a si\u0119 tym, czym rzadko si\u0119 zajmowa\u0142a, cho\u0107 zawsze chcia\u0142a.<\/p>\n<p>Sto\u0142u w kuchni nikt nie spieszy si\u0119 sprz\u0105ta\u0107. Naczynia czekaj\u0105 w kolejce na zmycie. Wieczorem nie czyta si\u0119 do snu, a w nocy nie przykrywa ma\u0142ych \u015bpi\u0105cych. Rano nie trzeba przygotowywa\u0107 ubra\u0144.<\/p>\n<p>Brak bezustannych pyta\u0144, na kt\u00f3re nale\u017ca\u0142o szybko odnajdywa\u0107 odpowiedzi. Nie ma tego oporu, sprzeciwu, kt\u00f3rego ci\u0105gle dostarczaj\u0105 dzieci, z kt\u00f3rym ka\u017cdy rodzic przyzwyczaja si\u0119 \u017cy\u0107 i jako\u015b sobie radzi\u0107. Nie trzeba nikogo przekonywa\u0107, prze\u0142amywa\u0107 jego niech\u0119ci, ani t\u0142umaczy\u0107 spraw oczywistych.<\/p>\n<p>Dzieci, cho\u0107 maj\u0105 dopiero dziewi\u0119\u0107 i sze\u015b\u0107 lat, wyjecha\u0142y na tydzie\u0144 z domu. Ustalony od kilku lat harmonogram dnia, wypracowane mechanizmy, po\u017cyteczne przyzwyczajenia, nawet odruchy, pracowicie wyuczone po to, by codziennie funkcjonowa\u0107, przesta\u0142y by\u0107 potrzebne. Teraz trafiaj\u0105 w pustk\u0119, jak ten p\u00f3\u0142przytomny, nocny spacer do dzieci\u0119cych \u0142\u00f3\u017cek, by przykry\u0107 malc\u00f3w i przymkn\u0105\u0107 okno.<\/p>\n<p><img fetchpriority=\"high\" decoding=\"async\" src=\"wp-content\/uploads\/2019\/03\/tort_F1A8475.jpg\" alt=\"Tort, urodziny dzieci, fot. Piotr Kubic\" width=\"500\" height=\"407\" \/><\/p>\n","protected":false},"excerpt":{"rendered":"<p>&#8211; Czy \u017cycie z &#8230;<\/p>\n","protected":false},"author":1,"featured_media":0,"comment_status":"open","ping_status":"open","sticky":false,"template":"","format":"standard","meta":{"footnotes":""},"categories":[118,909],"tags":[373,896,38,881],"_links":{"self":[{"href":"http:\/\/niecodziennosc.kubic.info\/index.php?rest_route=\/wp\/v2\/posts\/7496"}],"collection":[{"href":"http:\/\/niecodziennosc.kubic.info\/index.php?rest_route=\/wp\/v2\/posts"}],"about":[{"href":"http:\/\/niecodziennosc.kubic.info\/index.php?rest_route=\/wp\/v2\/types\/post"}],"author":[{"embeddable":true,"href":"http:\/\/niecodziennosc.kubic.info\/index.php?rest_route=\/wp\/v2\/users\/1"}],"replies":[{"embeddable":true,"href":"http:\/\/niecodziennosc.kubic.info\/index.php?rest_route=%2Fwp%2Fv2%2Fcomments&post=7496"}],"version-history":[{"count":1,"href":"http:\/\/niecodziennosc.kubic.info\/index.php?rest_route=\/wp\/v2\/posts\/7496\/revisions"}],"predecessor-version":[{"id":8973,"href":"http:\/\/niecodziennosc.kubic.info\/index.php?rest_route=\/wp\/v2\/posts\/7496\/revisions\/8973"}],"wp:attachment":[{"href":"http:\/\/niecodziennosc.kubic.info\/index.php?rest_route=%2Fwp%2Fv2%2Fmedia&parent=7496"}],"wp:term":[{"taxonomy":"category","embeddable":true,"href":"http:\/\/niecodziennosc.kubic.info\/index.php?rest_route=%2Fwp%2Fv2%2Fcategories&post=7496"},{"taxonomy":"post_tag","embeddable":true,"href":"http:\/\/niecodziennosc.kubic.info\/index.php?rest_route=%2Fwp%2Fv2%2Ftags&post=7496"}],"curies":[{"name":"wp","href":"https:\/\/api.w.org\/{rel}","templated":true}]}}