{"id":7497,"date":"2014-07-04T00:38:33","date_gmt":"2014-07-03T22:38:33","guid":{"rendered":"http:\/\/niecodziennosc.kubic.info\/index.php\/2014\/07\/04\/lepie-siebie-z-waszej-gliny\/"},"modified":"2019-05-05T01:42:11","modified_gmt":"2019-05-04T23:42:11","slug":"lepie-siebie-z-waszej-gliny","status":"publish","type":"post","link":"http:\/\/niecodziennosc.kubic.info\/?p=7497","title":{"rendered":"Lepi\u0119 siebie z waszej gliny"},"content":{"rendered":"<p>Moja osobowo\u015b\u0107 to zlepek r\u00f3\u017cnych postaci. Nie wstydz\u0119 si\u0119 tego, a nawet m\u00f3g\u0142bym wymieni\u0107 poszczeg\u00f3lnym osobom, co od nich zma\u0142powa\u0142em. Zma\u0142powa\u0142em oczywi\u015bcie w zakresie moich mo\u017cliwo\u015bci, bo nie jestem omnibusem.&#65279;<\/p>\n<p><img fetchpriority=\"high\" decoding=\"async\" src=\"wp-content\/uploads\/2019\/03\/niewyrtramwaj0001.jpg\" alt=\"abstrakcja, kolor fot. Piotr Kubic\" width=\"500\" height=\"333\" \/><\/p>\n<p>Na przyk\u0142ad wspominam Edwarda, kt\u00f3rego ju\u017c nie ma, a kt\u00f3ry zawsze si\u0119 u\u015bmiecha\u0142, prawie zawsze, bo przesta\u0142, gdy, jak si\u0119 potem okaza\u0142o, mia\u0142 ju\u017c tylko kilka tygodni do ko\u0144ca. Od co najmniej dw\u00f3ch innych os\u00f3b skopiowa\u0142em g\u0142o\u015bny \u015bmiech, ale beztroski, nie wy\u015bmiewaj\u0105cy nikogo. Co prawda czasem wychodzi mi ca\u0142kiem inny \u015bmiech, ten m\u00f3j, kt\u00f3ry nie jest dobrze odbierany przez otoczenie. Ale to coraz rzadziej, bo coraz rzadziej mam z\u0142y humor.<\/p>\n<p>Pami\u0119tam, jak Tereska powiedzia\u0142a mi, \u017ce ma do\u015b\u0107 patrzenia na niezadowolon\u0105 g\u0119b\u0119. By\u0142o to wtedy, kiedy w naszym obej\u015bciu pojawi\u0142 si\u0119 pewien Amerykanin, kt\u00f3ry, jak to Amerykanin, z \u0142atwo\u015bci\u0105 przyjmowa\u0142 b\u0142ogi wyraz twarzy. Postanowi\u0142em, \u017ce ja te\u017c b\u0119d\u0119 pr\u00f3bowa\u0142 wygl\u0105da\u0107 b\u0142ogo, i od czasu do czasu chyba si\u0119 to udaje.<\/p>\n<p>Od pewnej d\u0142ugow\u0142osej blondynki przej\u0105\u0142em pilnowanie swoich spraw. Moje sprawy s\u0105 najwa\u017cniejsze, tak sobie m\u00f3wi\u0119, przynajmniej od czasu do czasu, szczeg\u00f3lnie wtedy, gdy pr\u00f3buj\u0119 na si\u0142\u0119 uszcz\u0119\u015bliwia\u0107 innych. Albo kiedy inni pr\u00f3buj\u0105 uszcz\u0119\u015bliwi\u0107 mnie nadmiarem tylko swoich problem\u00f3w. Nauczy\u0142em si\u0119, bo mo\u017cna, po prostu wsta\u0107, powiedzie\u0107 &#8222;to ju\u017c id\u0119&#8221;, i naprawd\u0119 p\u00f3j\u015b\u0107.<\/p>\n<p>Pami\u0119tam, \u017ce kiedy\u015b zadziwia\u0142a mnie u innych umiej\u0119tno\u015b\u0107 milczenia, w momentach, w kt\u00f3rych m\u00f3wienie nie by\u0142oby im na r\u0119k\u0119. Milczenie jest \u015bwietne wtedy, gdy trzeba komu\u015b dopiec. Podobno jest to domena kobiet, ale to nieprawda. M\u0119\u017cczyzna te\u017c to potrafi, wystarczy, \u017ce podgl\u0105dnie kobiet\u0119 i przejmie ten spos\u00f3b <em>za\u0142atwiania<\/em> spraw. Prawd\u0119 m\u00f3wi\u0105c, milczenie ci\u0105gle mi jeszcze s\u0142abo wychodzi, ale \u0107wicz\u0119 i mam ju\u017c niejakie osi\u0105gni\u0119cia.\u00a0<\/p>\n<p>Pami\u0119tam zdawa\u0142oby si\u0119 niewiele znacz\u0105ce wydarzenie. M\u00f3j daleki kuzyn, a mo\u017ce nie kuzyn, magister, a nawet o ma\u0142o co doktorant na szanownej niekiedy uczelni krajowej, stoi na przyczepie, w \u015brodku wsi, w gospodarstwie, i nag\u0142ymi, energicznymi, niemal w\u015bciek\u0142ymi ruchami wbija wid\u0142y w stert\u0119 siana, po czym unosi je wraz z wysch\u0142\u0105 zielenin\u0105 wysoko nad g\u0142ow\u0119 i przerzuca przez g\u00f3rne, ma\u0142e wrota du\u017cej stodo\u0142y. Poniewa\u017c zawsze zna\u0142em go jako flegmatycznego my\u015bliciela, wtenczas ukaza\u0142 mi si\u0119 z stanowczo innej strony. Nauczy\u0142em si\u0119 od niego, \u017ce czasem nie ma co dywagowa\u0107, trzeba czym pr\u0119dzej wbija\u0107 i przerzuca\u0107.<\/p>\n<p>W og\u00f3le \u015bwiat wok\u00f3\u0142 nas jest pe\u0142en gotowych rozwi\u0105za\u0144. Nie ma si\u0119 co sili\u0107 na oryginalno\u015b\u0107. Podobno Marylin Monroe tak wspomina\u0142a swoj\u0105 pierwsz\u0105 rol\u0119: nie mia\u0142am poj\u0119cia, co mam robi\u0107, ale podgl\u0105da\u0142am kole\u017canki. Wydaje mi si\u0119, \u017ce nie tak wielu ludzi chcia\u0142oby si\u0119 przyzna\u0107, co \u015bci\u0105gn\u0119li od innych. Ale ja mog\u0119. Nie boj\u0119 si\u0119 tego powiedzie\u0107, wraz ze s\u0142owem: dzi\u0119kuj\u0119.<\/p>\n","protected":false},"excerpt":{"rendered":"<p>Moja osobowo\u015b\u0107 to &#8230;<\/p>\n","protected":false},"author":1,"featured_media":0,"comment_status":"open","ping_status":"open","sticky":false,"template":"","format":"standard","meta":{"footnotes":""},"categories":[22,909],"tags":[607,867,38,269],"_links":{"self":[{"href":"http:\/\/niecodziennosc.kubic.info\/index.php?rest_route=\/wp\/v2\/posts\/7497"}],"collection":[{"href":"http:\/\/niecodziennosc.kubic.info\/index.php?rest_route=\/wp\/v2\/posts"}],"about":[{"href":"http:\/\/niecodziennosc.kubic.info\/index.php?rest_route=\/wp\/v2\/types\/post"}],"author":[{"embeddable":true,"href":"http:\/\/niecodziennosc.kubic.info\/index.php?rest_route=\/wp\/v2\/users\/1"}],"replies":[{"embeddable":true,"href":"http:\/\/niecodziennosc.kubic.info\/index.php?rest_route=%2Fwp%2Fv2%2Fcomments&post=7497"}],"version-history":[{"count":1,"href":"http:\/\/niecodziennosc.kubic.info\/index.php?rest_route=\/wp\/v2\/posts\/7497\/revisions"}],"predecessor-version":[{"id":8974,"href":"http:\/\/niecodziennosc.kubic.info\/index.php?rest_route=\/wp\/v2\/posts\/7497\/revisions\/8974"}],"wp:attachment":[{"href":"http:\/\/niecodziennosc.kubic.info\/index.php?rest_route=%2Fwp%2Fv2%2Fmedia&parent=7497"}],"wp:term":[{"taxonomy":"category","embeddable":true,"href":"http:\/\/niecodziennosc.kubic.info\/index.php?rest_route=%2Fwp%2Fv2%2Fcategories&post=7497"},{"taxonomy":"post_tag","embeddable":true,"href":"http:\/\/niecodziennosc.kubic.info\/index.php?rest_route=%2Fwp%2Fv2%2Ftags&post=7497"}],"curies":[{"name":"wp","href":"https:\/\/api.w.org\/{rel}","templated":true}]}}