{"id":7498,"date":"2014-06-29T21:49:21","date_gmt":"2014-06-29T19:49:21","guid":{"rendered":"http:\/\/niecodziennosc.kubic.info\/index.php\/2014\/06\/29\/to-ciekawe-i-to-wszystko\/"},"modified":"2014-06-29T21:49:21","modified_gmt":"2014-06-29T19:49:21","slug":"to-ciekawe-i-to-wszystko","status":"publish","type":"post","link":"http:\/\/niecodziennosc.kubic.info\/?p=7498","title":{"rendered":"To ciekawe, i to wszystko"},"content":{"rendered":"<p>To ciekawe, \u017ce ka\u017cdy wpis na tym blogu m\u00f3g\u0142by si\u0119 zaczyna\u0107 od s\u0142\u00f3w: &#8222;to ciekawe&#8221;.<\/p>\n<p>To ciekawe, \u017ce kiedy nadchodzi fala zniech\u0119cenia, cz\u0142owiek ni\u0105 ogarni\u0119ty zaczyna szuka\u0107 powod\u00f3w jej nadej\u015bcia. Zapewne z przekonania, \u017ce rozpoznanie powod\u00f3w pozwoli na usuni\u0119cie zniech\u0119cenia. A to b\u0142\u0105d. Rozpoznawane w takim stanie powody cz\u0119sto nie maj\u0105 wiele wsp\u00f3lnego z rzeczywisto\u015bci\u0105. A je\u015bli ju\u017c maj\u0105, to ich rozpoznanie nie na wiele si\u0119 zdaje.<\/p>\n<p>S\u0142owem &#8211; rozpoznanie powod\u00f3w zniech\u0119cenia nie prowadzi do jego usuni\u0119cia. A mo\u017ce wr\u0119cz przeciwnie &#8211; wzmaga je. Tak wi\u0119c lepiej nie pr\u00f3bowa\u0107 rozpoznawa\u0107 jakichkolwiek powod\u00f3w.<\/p>\n<p>To ciekawe, \u017ce po wielu latach dociekania, jak si\u0119 to wszystko kr\u0119ci wewn\u0105trz duszy cz\u0142owieka, przychodzi stwierdzi\u0107 tylko tyle, \u017ce tak po prostu jest, jak si\u0119 kr\u0119ci. Nawet \u017ar\u00f3de\u0142 szcz\u0119\u015bcia chyba lepiej nie docieka\u0107, bo po ich rozpoznaniu szcz\u0119\u015bcie mo\u017ce straci\u0107 na kolorycie. Wi\u0119c na wszelki wypadek &#8211; milczmy o tym, z delikatnym wyczekiwaniem.<\/p>\n<p>Mia\u0142 racj\u0119 ojciec, trzydzie\u015bci lat temu, rzucaj\u0105c swojemu synowi kr\u00f3tkie zdanie: &#8222;za du\u017co si\u0119 zastanawiasz, za du\u017co my\u015blisz&#8221;. Syn przez lata zarzut ten odczytywa\u0142 dla siebie jako komplement. I to ciekawe, \u017ce nawet je\u015bli opacznie, na przek\u00f3r interpretowa\u0142 s\u0142owa ojca, to nie przeszkodzi\u0142o mu to, po latach, doj\u015b\u0107 do tego samego wniosku.<\/p>\n<p><img fetchpriority=\"high\" decoding=\"async\" src=\"wp-content\/uploads\/2019\/03\/pole_F1A8679.jpg\" alt=\"Pola, fot. Piotr Kubic\" width=\"500\" height=\"333\" \/><\/p>\n<p>Na wag\u0119 z\u0142ota okaza\u0142o si\u0119 odkrycie, \u017ce na zniech\u0119cenie najlepiej pomaga&#8230; sen. \u017badnej analizy, my\u015blenia, przewidywania, retrospekcji. Tu\u017c przed snem wskazana jest drobna dawka szumu (tak, jak teraz) padaj\u0105cych za oknem kropel deszczu, uderzaj\u0105cych w okoliczne li\u015bcie. Ciekawe &#8211; ile tych kropel powinno pa\u015b\u0107 na ile li\u015bci, by uzyska\u0107 t\u0119 drobn\u0105 dawk\u0119 optymalnego szumu, lekarstwa na zniech\u0119cenie? Co najmniej kilkadziesi\u0105t zderze\u0144 w ci\u0105gu sekundy? A mo\u017ce kilkaset? Oto rzecz, nad kt\u00f3r\u0105 warto si\u0119 zastanowi\u0107.<\/p>\n","protected":false},"excerpt":{"rendered":"<p>To ciekawe, \u017ce ka\u017cdy &#8230;<\/p>\n","protected":false},"author":1,"featured_media":0,"comment_status":"open","ping_status":"open","sticky":false,"template":"","format":"standard","meta":{"footnotes":""},"categories":[18],"tags":[589,867,435,888,887,551],"_links":{"self":[{"href":"http:\/\/niecodziennosc.kubic.info\/index.php?rest_route=\/wp\/v2\/posts\/7498"}],"collection":[{"href":"http:\/\/niecodziennosc.kubic.info\/index.php?rest_route=\/wp\/v2\/posts"}],"about":[{"href":"http:\/\/niecodziennosc.kubic.info\/index.php?rest_route=\/wp\/v2\/types\/post"}],"author":[{"embeddable":true,"href":"http:\/\/niecodziennosc.kubic.info\/index.php?rest_route=\/wp\/v2\/users\/1"}],"replies":[{"embeddable":true,"href":"http:\/\/niecodziennosc.kubic.info\/index.php?rest_route=%2Fwp%2Fv2%2Fcomments&post=7498"}],"version-history":[{"count":0,"href":"http:\/\/niecodziennosc.kubic.info\/index.php?rest_route=\/wp\/v2\/posts\/7498\/revisions"}],"wp:attachment":[{"href":"http:\/\/niecodziennosc.kubic.info\/index.php?rest_route=%2Fwp%2Fv2%2Fmedia&parent=7498"}],"wp:term":[{"taxonomy":"category","embeddable":true,"href":"http:\/\/niecodziennosc.kubic.info\/index.php?rest_route=%2Fwp%2Fv2%2Fcategories&post=7498"},{"taxonomy":"post_tag","embeddable":true,"href":"http:\/\/niecodziennosc.kubic.info\/index.php?rest_route=%2Fwp%2Fv2%2Ftags&post=7498"}],"curies":[{"name":"wp","href":"https:\/\/api.w.org\/{rel}","templated":true}]}}