{"id":7502,"date":"2014-06-15T01:10:29","date_gmt":"2014-06-14T23:10:29","guid":{"rendered":"http:\/\/niecodziennosc.kubic.info\/index.php\/2014\/06\/15\/subiektywnie\/"},"modified":"2014-06-15T01:10:29","modified_gmt":"2014-06-14T23:10:29","slug":"subiektywnie","status":"publish","type":"post","link":"http:\/\/niecodziennosc.kubic.info\/?p=7502","title":{"rendered":"Subiektywnie"},"content":{"rendered":"<p>Nierzadko masowe imprezy mnie denerwuj\u0105. My\u015bl\u0119, \u017ce z powodu nag\u0142o\u015bnienia, kt\u00f3ry powinno, jak si\u0119 organizatorom wydaje, zag\u0142uszy\u0107 wszystko, co si\u0119 dooko\u0142a imprezy dzieje. Tak wi\u0119c ludzie stoj\u0105cy przed scen\u0105 nie powinni by\u0107 w stanie porozumie\u0107 si\u0119 mi\u0119dzy sob\u0105 g\u0142osem, bo wtedy impreza jest kiepska. Nie powinni te\u017c s\u0142ysze\u0107 w\u0142asnych my\u015bli. By\u0107 mo\u017ce po to, aby konferansjer b\u0105d\u017a artysta performuj\u0105cy na scenie m\u00f3g\u0142 bezdyskusyjnie narzuci\u0107 widzom i s\u0142uchaczom swoj\u0105 interpretacj\u0119 rzeczywisto\u015bci. Kiedy m\u00f3wi &#8222;klaszczemy&#8221;, to mamy nie dyskutowa\u0107, tylko klaska\u0107. Jak &#8222;wrzeszczymy&#8221; to wrzeszcze\u0107, bo &#8222;koncert jest \u015bwietny i fantastyczny&#8221;.<\/p>\n<p>My\u015bl\u0119, \u017ce mam szcz\u0119\u015bcie, \u017ce jestem realizatorem d\u017awi\u0119ku w teatrze. Gdy\u017c tam rzadko operujemy ci\u015bnieniem akustycznym 130 decybeli (to granica b\u00f3lu), w zasadzie zapodajemy taki ha\u0142as tylko w momentach \u015bci\u015ble przemy\u015blanych, okre\u015blonych przez re\u017cysera. Poza tym gramy subtelnie.<\/p>\n<p>Z kolei przygotowuj\u0105c si\u0119 do fotografowania koncertu nie mog\u0119 zapomnie\u0107 o stoperach do uszu. Pami\u0119tam kilka koncert\u00f3w, podczas kt\u00f3rych bardzo ch\u0119tnie za\u0142o\u017cy\u0142bym podw\u00f3jne stopery, gdyby si\u0119 da\u0142o.<\/p>\n<p>Po tym wst\u0119pie zapraszam Was do ogl\u0105dni\u0119cia <a href=\"http:\/\/patrz.kubic.info\/index.php\/2014\/06\/stronnicza-bardzo-relacja\/\" target=\"_blank\" rel=\"noopener noreferrer\">fotoreporta\u017cu z imprezy<\/a>, na kt\u00f3rej przez chwil\u0119 by\u0142em dzisiaj. Tylko tutaj, na tym blogu, napisz\u0119 Wam prawd\u0119 wprost. By\u0142em nie w humorze, a wiecie, jak wtedy odbiera si\u0119 rzeczywisto\u015b\u0107. Ale \u017ceby Was zach\u0119ci\u0107, daj\u0119 tutaj najbardziej przyjemne ze wszystkich zdj\u0119cie.<\/p>\n<p><a href=\"http:\/\/patrz.kubic.info\/index.php\/2014\/06\/stronnicza-bardzo-relacja\/\" target=\"_blank\" rel=\"noopener noreferrer\"><img fetchpriority=\"high\" decoding=\"async\" title=\"Dziewczyna z megafonem, fot. Piotr Kubic\" src=\"wp-content\/uploads\/2019\/03\/01MF1A8532.jpg\" alt=\"Dziewczyna z megafonem, fot. Piotr Kubic\" width=\"500\" height=\"333\" \/><\/a><\/p>\n","protected":false},"excerpt":{"rendered":"<p>Nierzadko masowe &#8230;<\/p>\n","protected":false},"author":1,"featured_media":0,"comment_status":"open","ping_status":"open","sticky":false,"template":"","format":"standard","meta":{"footnotes":""},"categories":[35],"tags":[607,339,70],"_links":{"self":[{"href":"http:\/\/niecodziennosc.kubic.info\/index.php?rest_route=\/wp\/v2\/posts\/7502"}],"collection":[{"href":"http:\/\/niecodziennosc.kubic.info\/index.php?rest_route=\/wp\/v2\/posts"}],"about":[{"href":"http:\/\/niecodziennosc.kubic.info\/index.php?rest_route=\/wp\/v2\/types\/post"}],"author":[{"embeddable":true,"href":"http:\/\/niecodziennosc.kubic.info\/index.php?rest_route=\/wp\/v2\/users\/1"}],"replies":[{"embeddable":true,"href":"http:\/\/niecodziennosc.kubic.info\/index.php?rest_route=%2Fwp%2Fv2%2Fcomments&post=7502"}],"version-history":[{"count":0,"href":"http:\/\/niecodziennosc.kubic.info\/index.php?rest_route=\/wp\/v2\/posts\/7502\/revisions"}],"wp:attachment":[{"href":"http:\/\/niecodziennosc.kubic.info\/index.php?rest_route=%2Fwp%2Fv2%2Fmedia&parent=7502"}],"wp:term":[{"taxonomy":"category","embeddable":true,"href":"http:\/\/niecodziennosc.kubic.info\/index.php?rest_route=%2Fwp%2Fv2%2Fcategories&post=7502"},{"taxonomy":"post_tag","embeddable":true,"href":"http:\/\/niecodziennosc.kubic.info\/index.php?rest_route=%2Fwp%2Fv2%2Ftags&post=7502"}],"curies":[{"name":"wp","href":"https:\/\/api.w.org\/{rel}","templated":true}]}}