{"id":7506,"date":"2014-06-02T23:00:32","date_gmt":"2014-06-02T21:00:32","guid":{"rendered":"http:\/\/niecodziennosc.kubic.info\/index.php\/2014\/06\/02\/brak-funkcji-undo\/"},"modified":"2014-06-02T23:00:32","modified_gmt":"2014-06-02T21:00:32","slug":"brak-funkcji-undo","status":"publish","type":"post","link":"http:\/\/niecodziennosc.kubic.info\/?p=7506","title":{"rendered":"Brak funkcji undo"},"content":{"rendered":"<p>Zwijam pranie z suszarki, bo pralka &#8222;dochodzi&#8221; i b\u0119dzie kolejne do wywieszenia.Moja dziewczyna wraca jutro, wi\u0119c to ostatni moment, \u017ceby spr\u00f3bowa\u0107 <em>si\u0119 wykaza\u0107<\/em>. <\/p>\n<p>Elementy odzie\u017cy naszej czteroosobowej rodziny przep\u0142ywaj\u0105 mi przez r\u0119ce, sk\u0142adam je jako\u015b, na tyle, na ile mi wychodzi. My\u015bli b\u0142\u0105dz\u0105 tu i tam, gdy w pewnym momencie zauwa\u017cam, \u017ce niepotrzebnie wywr\u00f3ci\u0142em na drug\u0105 stron\u0119 bia\u0142y podkoszulek mojej c\u00f3rki (chyba mojej c\u00f3rki, bo syn j\u0105 prawie dogoni\u0142 we wzro\u015bcie, wi\u0119c potencjalnie m\u00f3g\u0142by to by\u0107 jego podkoszulek). Z uporczyw\u0105 stanowczo\u015bci\u0105 chcia\u0142em wywo\u0142a\u0107 funkcj\u0119 <em>cofnij ostatni\u0105 czynno\u015b\u0107<\/em>, ale moje r\u0119ce nie znalaz\u0142y klawiatury, ani tym bardziej kombinacji klawiszy CTRL-Z, kt\u00f3ra t\u0119 funkcj\u0119 wywo\u0142uje. Myszki pod r\u0119k\u0105 te\u017c nie mia\u0142em, a przed oczyma nie by\u0142o typowego dla aplikacji menu, gdzie na drugiej pozycji, po rozwini\u0119ciu napisu <em>Edycja<\/em> (<em>Edit<\/em>) zwykle umieszczona jest opcja <em>Cofnij <\/em>(<em>Undo<\/em>). Gdy my\u015bli z marze\u0144 zesz\u0142y na jaw\u0119, zwyra\u017ania\u0142a metalowa suszarka z poziomymi pr\u0119tami, za\u015b w r\u0119kach trzyma\u0142em ci\u0105gle bia\u0142y podkoszulek, omy\u0142kowo wywr\u00f3cony na lew\u0105 stron\u0119. I co teraz?<\/p>\n<p>Przyznam, \u017ce zdenerwowa\u0142em si\u0119 przez u\u0142amek sekundy, bo c\u00f3\u017c to za <em>aplikacja<\/em>? Niestety, nie by\u0142o wyj\u015bcia, podkoszulek wywr\u00f3ci\u0107 musia\u0142em zn\u00f3w sam.<\/p>\n","protected":false},"excerpt":{"rendered":"<p>Zwijam pranie z &#8230;<\/p>\n","protected":false},"author":1,"featured_media":0,"comment_status":"open","ping_status":"open","sticky":false,"template":"","format":"standard","meta":{"footnotes":""},"categories":[18],"tags":[871,327,638],"_links":{"self":[{"href":"http:\/\/niecodziennosc.kubic.info\/index.php?rest_route=\/wp\/v2\/posts\/7506"}],"collection":[{"href":"http:\/\/niecodziennosc.kubic.info\/index.php?rest_route=\/wp\/v2\/posts"}],"about":[{"href":"http:\/\/niecodziennosc.kubic.info\/index.php?rest_route=\/wp\/v2\/types\/post"}],"author":[{"embeddable":true,"href":"http:\/\/niecodziennosc.kubic.info\/index.php?rest_route=\/wp\/v2\/users\/1"}],"replies":[{"embeddable":true,"href":"http:\/\/niecodziennosc.kubic.info\/index.php?rest_route=%2Fwp%2Fv2%2Fcomments&post=7506"}],"version-history":[{"count":0,"href":"http:\/\/niecodziennosc.kubic.info\/index.php?rest_route=\/wp\/v2\/posts\/7506\/revisions"}],"wp:attachment":[{"href":"http:\/\/niecodziennosc.kubic.info\/index.php?rest_route=%2Fwp%2Fv2%2Fmedia&parent=7506"}],"wp:term":[{"taxonomy":"category","embeddable":true,"href":"http:\/\/niecodziennosc.kubic.info\/index.php?rest_route=%2Fwp%2Fv2%2Fcategories&post=7506"},{"taxonomy":"post_tag","embeddable":true,"href":"http:\/\/niecodziennosc.kubic.info\/index.php?rest_route=%2Fwp%2Fv2%2Ftags&post=7506"}],"curies":[{"name":"wp","href":"https:\/\/api.w.org\/{rel}","templated":true}]}}