{"id":7508,"date":"2014-06-02T00:40:34","date_gmt":"2014-06-01T22:40:34","guid":{"rendered":"http:\/\/niecodziennosc.kubic.info\/index.php\/2014\/06\/02\/niemoznosc-bycia-z\/"},"modified":"2019-05-05T01:42:12","modified_gmt":"2019-05-04T23:42:12","slug":"niemoznosc-bycia-z","status":"publish","type":"post","link":"http:\/\/niecodziennosc.kubic.info\/?p=7508","title":{"rendered":"Niemo\u017cno\u015b\u0107 bycia z&#8230;"},"content":{"rendered":"<p>Gdybym napisa\u0142 tu jeden tekst do wszystkich, z kt\u00f3rymi zalegam spotkania i rozmowy, \u017ce \u017ca\u0142uj\u0119, \u017ce si\u0119 z Wami nie spotykam i nie rozmawiam, to nie zdziwi\u0142bym si\u0119, gdyby powsta\u0142a w Was my\u015bli, \u017ceby po prostu da\u0107 mi w twarz.<\/p>\n<p>Istota kontaktu polega na tym, \u017ce jest tylko jeden, niepowtarzalny. Ka\u017cdy z nich wymaga wy\u0142\u0105czno\u015bci, oddzielnego miejsca w czasie, przestrzeni, a tak naprawd\u0119 &#8211; w m\u00f3zgu. Dlatego sam nie czytam, nawet nie otwieram \u017cycze\u0144 \u015bwi\u0105tecznych, kiedy jest oczywiste, \u017ce zosta\u0142y rozes\u0142ane grupowo, &#8222;do wielu&#8221;. Skoro wi\u0119c sam tego nie akceptuj\u0119, to czy mam prawo oczekiwa\u0107, \u017ce inni b\u0119d\u0105?<\/p>\n<p>Co wi\u0119c mog\u0119 zrobi\u0107? Ograniczy\u0107 liczb\u0119 ludzi, z kt\u00f3rymi utrzymuj\u0119 kontakt, bo jako\u015b si\u0119 z nimi rozumiem? Ograniczy\u0107 do tych, z kt\u00f3rymi rozumiem si\u0119 najlepiej i czuj\u0119 najbli\u017cej? Ale czy nie b\u0119dzie to prosty egoizm? Inne rozwi\u0105zanie to robi\u0107 tyle, ile mog\u0119, i mie\u0107 nadziej\u0119, \u017ce inni jako\u015b to zrozumiej\u0105 i znios\u0105. W praktyce czuj\u0119 si\u0119 bezradny i patrz\u0119 tylko, co z tego wynika&#8230;<\/p>\n","protected":false},"excerpt":{"rendered":"<p>Gdybym napisa\u0142 tu &#8230;<\/p>\n","protected":false},"author":1,"featured_media":0,"comment_status":"open","ping_status":"open","sticky":false,"template":"","format":"standard","meta":{"footnotes":""},"categories":[50,909],"tags":[38],"_links":{"self":[{"href":"http:\/\/niecodziennosc.kubic.info\/index.php?rest_route=\/wp\/v2\/posts\/7508"}],"collection":[{"href":"http:\/\/niecodziennosc.kubic.info\/index.php?rest_route=\/wp\/v2\/posts"}],"about":[{"href":"http:\/\/niecodziennosc.kubic.info\/index.php?rest_route=\/wp\/v2\/types\/post"}],"author":[{"embeddable":true,"href":"http:\/\/niecodziennosc.kubic.info\/index.php?rest_route=\/wp\/v2\/users\/1"}],"replies":[{"embeddable":true,"href":"http:\/\/niecodziennosc.kubic.info\/index.php?rest_route=%2Fwp%2Fv2%2Fcomments&post=7508"}],"version-history":[{"count":1,"href":"http:\/\/niecodziennosc.kubic.info\/index.php?rest_route=\/wp\/v2\/posts\/7508\/revisions"}],"predecessor-version":[{"id":8977,"href":"http:\/\/niecodziennosc.kubic.info\/index.php?rest_route=\/wp\/v2\/posts\/7508\/revisions\/8977"}],"wp:attachment":[{"href":"http:\/\/niecodziennosc.kubic.info\/index.php?rest_route=%2Fwp%2Fv2%2Fmedia&parent=7508"}],"wp:term":[{"taxonomy":"category","embeddable":true,"href":"http:\/\/niecodziennosc.kubic.info\/index.php?rest_route=%2Fwp%2Fv2%2Fcategories&post=7508"},{"taxonomy":"post_tag","embeddable":true,"href":"http:\/\/niecodziennosc.kubic.info\/index.php?rest_route=%2Fwp%2Fv2%2Ftags&post=7508"}],"curies":[{"name":"wp","href":"https:\/\/api.w.org\/{rel}","templated":true}]}}