{"id":7515,"date":"2014-05-25T00:18:00","date_gmt":"2014-05-24T22:18:00","guid":{"rendered":"http:\/\/niecodziennosc.kubic.info\/index.php\/2014\/05\/25\/roztargniony-rowerzysta\/"},"modified":"2014-05-25T00:18:00","modified_gmt":"2014-05-24T22:18:00","slug":"roztargniony-rowerzysta","status":"publish","type":"post","link":"http:\/\/niecodziennosc.kubic.info\/?p=7515","title":{"rendered":"Roztargniony rowerzysta"},"content":{"rendered":"<p>Mi\u0119dzy blokami, na osiedlu, kt\u00f3re stoli na stromym pag\u00f3rku, przejecha\u0142 facet na rowerze. Czy to z koszyka, kt\u00f3ry mia\u0142 na baga\u017cniku, czy z ma\u0142ego plecaka, kt\u00f3ry wi\u00f3z\u0142 na plecach, wypad\u0142a kartka papieru.<\/p>\n<blockquote>\n<p><em>Wszystko albo nic. Nienawidz\u0119 rzeczy po\u0142owicznych. Skoro wi\u0119c gdzie\u015b na horyzoncie czasu moje \u017cycie si\u0119 sko\u0144czy, to trac\u0119 ochot\u0119 \u017cy\u0107 ju\u017c teraz. Wystarczaj\u0105co du\u017co widzia\u0142em, jako\u015b nie ci\u0105gnie mnie do nowych wra\u017ce\u0144. Pozostaje jeszcze obowi\u0105zek, chcia\u0142bym zobaczy\u0107 moje dzieci, jak same radz\u0105 sobie w \u017cyciu. A wtedy spokojnie mog\u0119 przesta\u0107 istnie\u0107.<\/em><\/p>\n<\/blockquote>\n<p>Nale\u017cy zaznaczy\u0107, \u017ce rowerzysta nie zauwa\u017cy\u0142 utraty kartki, jecha\u0142 dalej. Lecz zastanawiaj\u0105c si\u0119 szczerze musimy stwierdzi\u0107, \u017ce nie jeste\u015bmy pewni, czy kartka wypad\u0142a w\u0142a\u015bnie wtedy, kiedy on przeje\u017cd\u017ca\u0142 i czy nie le\u017ca\u0142a ju\u017c tam wcze\u015bniej. Mo\u017ce podmuch powietrza oderwa\u0142 j\u0105 na chwil\u0119 od asfaltu i st\u0105d mylne wra\u017cenie. A nawet je\u015bli to on napisa\u0142 te s\u0142owa, to dojechawszy do domu mo\u017ce o nich zapomni i brak kartki nie b\u0119dzie mu ich przypomina\u0107. Mo\u017ce by\u0107 te\u017c tak, \u017ce nie by\u0142o \u017cadnego rowerzysty, bo z \u0142awki, na kt\u00f3rej siedzimy, a kt\u00f3ra jest troch\u0119 daleko, nie wida\u0107 dok\u0142adnie przebiegu ulicy i mo\u017ce to tylko za\u0107mienie, przelatuj\u0105cy nisko ptak na tle dopiero co ulistnionych ga\u0142\u0105zek szpaleru klon\u00f3w.<\/p>\n<p><img fetchpriority=\"high\" decoding=\"async\" src=\"wp-content\/uploads\/2019\/03\/murkotek_F1A8380.jpg\" alt=\"\u015alepa \u015bciana i kot, fot. Piotr Kubic\" width=\"500\" height=\"333\" \/><\/p>\n","protected":false},"excerpt":{"rendered":"<p>Mi\u0119dzy blokami, na &#8230;<\/p>\n","protected":false},"author":1,"featured_media":0,"comment_status":"open","ping_status":"open","sticky":false,"template":"","format":"standard","meta":{"footnotes":""},"categories":[27],"tags":[607,676,882,112,888],"_links":{"self":[{"href":"http:\/\/niecodziennosc.kubic.info\/index.php?rest_route=\/wp\/v2\/posts\/7515"}],"collection":[{"href":"http:\/\/niecodziennosc.kubic.info\/index.php?rest_route=\/wp\/v2\/posts"}],"about":[{"href":"http:\/\/niecodziennosc.kubic.info\/index.php?rest_route=\/wp\/v2\/types\/post"}],"author":[{"embeddable":true,"href":"http:\/\/niecodziennosc.kubic.info\/index.php?rest_route=\/wp\/v2\/users\/1"}],"replies":[{"embeddable":true,"href":"http:\/\/niecodziennosc.kubic.info\/index.php?rest_route=%2Fwp%2Fv2%2Fcomments&post=7515"}],"version-history":[{"count":0,"href":"http:\/\/niecodziennosc.kubic.info\/index.php?rest_route=\/wp\/v2\/posts\/7515\/revisions"}],"wp:attachment":[{"href":"http:\/\/niecodziennosc.kubic.info\/index.php?rest_route=%2Fwp%2Fv2%2Fmedia&parent=7515"}],"wp:term":[{"taxonomy":"category","embeddable":true,"href":"http:\/\/niecodziennosc.kubic.info\/index.php?rest_route=%2Fwp%2Fv2%2Fcategories&post=7515"},{"taxonomy":"post_tag","embeddable":true,"href":"http:\/\/niecodziennosc.kubic.info\/index.php?rest_route=%2Fwp%2Fv2%2Ftags&post=7515"}],"curies":[{"name":"wp","href":"https:\/\/api.w.org\/{rel}","templated":true}]}}