{"id":7520,"date":"2014-05-16T14:38:43","date_gmt":"2014-05-16T12:38:43","guid":{"rendered":"http:\/\/niecodziennosc.kubic.info\/index.php\/2014\/05\/16\/olsnienie\/"},"modified":"2014-05-16T14:38:43","modified_gmt":"2014-05-16T12:38:43","slug":"olsnienie","status":"publish","type":"post","link":"http:\/\/niecodziennosc.kubic.info\/?p=7520","title":{"rendered":"Ol\u015bnienie"},"content":{"rendered":"<p>Bywaj\u0105 dni tak jasne, \u017ce nie spos\u00f3b otworzy\u0107 szerzej oczu. Szybko si\u0119 okazuje, \u017ce jasno\u015b\u0107 oznacza ciemno\u015b\u0107, bo u\u017cywa\u0107 trzeba ciemnych okular\u00f3w, albo przygl\u0105da\u0107 si\u0119 \u015bwiatu przez zmru\u017cone powieki. Jak w zimowy dzie\u0144, w \u015bnie\u017cycy, gdy drobne p\u0142atki \u015bniegu igie\u0142kami atakuj\u0105 delikatn\u0105 rog\u00f3wk\u0119. Bez b\u00f3lu zerkn\u0105\u0107 mo\u017cna jedynie odwr\u00f3ciwszy si\u0119 ty\u0142em do wiatru. A dzi\u015b, wiosn\u0105, ty\u0142em do s\u0142o\u0144ca.<\/p>\n<p>Mog\u0142oby si\u0119 zdawa\u0107, \u017ce podobie\u0144stwo zimowej zawieruchy i pra\u017c\u0105cego s\u0142o\u0144ca nie jest w \u017cadnej mierze mo\u017cliwe. A jednak. Teraz, zaciskaj\u0105c powieki, by chroni\u0107 oczy, nie mo\u017cna uciec od innego widoku, kt\u00f3ry powoli i nieuchronnie si\u0119 pojawia. Z przekonaniem, \u017ce oto teraz widz\u0119, jak jest naprawd\u0119. I to, co przedtem zdawa\u0142o si\u0119 najbardziej widoczne, najwa\u017cniejsze, teraz ledwo ma znaczenie.\u00a0<\/p>\n<p><img fetchpriority=\"high\" decoding=\"async\" src=\"wp-content\/uploads\/2019\/03\/PlacCentralny055fotPiotrKubic.jpg\" alt=\"Plac Centralny im. Ronalda Reagana, Nowa Huta, Krak\u00f3w, fot. Piotr Kubic\" width=\"500\" height=\"750\" \/><\/p>\n","protected":false},"excerpt":{"rendered":"<p>Bywaj\u0105 dni tak jasne,&#8230;<\/p>\n","protected":false},"author":1,"featured_media":0,"comment_status":"open","ping_status":"open","sticky":false,"template":"","format":"standard","meta":{"footnotes":""},"categories":[27],"tags":[646,413,676,876,166],"_links":{"self":[{"href":"http:\/\/niecodziennosc.kubic.info\/index.php?rest_route=\/wp\/v2\/posts\/7520"}],"collection":[{"href":"http:\/\/niecodziennosc.kubic.info\/index.php?rest_route=\/wp\/v2\/posts"}],"about":[{"href":"http:\/\/niecodziennosc.kubic.info\/index.php?rest_route=\/wp\/v2\/types\/post"}],"author":[{"embeddable":true,"href":"http:\/\/niecodziennosc.kubic.info\/index.php?rest_route=\/wp\/v2\/users\/1"}],"replies":[{"embeddable":true,"href":"http:\/\/niecodziennosc.kubic.info\/index.php?rest_route=%2Fwp%2Fv2%2Fcomments&post=7520"}],"version-history":[{"count":0,"href":"http:\/\/niecodziennosc.kubic.info\/index.php?rest_route=\/wp\/v2\/posts\/7520\/revisions"}],"wp:attachment":[{"href":"http:\/\/niecodziennosc.kubic.info\/index.php?rest_route=%2Fwp%2Fv2%2Fmedia&parent=7520"}],"wp:term":[{"taxonomy":"category","embeddable":true,"href":"http:\/\/niecodziennosc.kubic.info\/index.php?rest_route=%2Fwp%2Fv2%2Fcategories&post=7520"},{"taxonomy":"post_tag","embeddable":true,"href":"http:\/\/niecodziennosc.kubic.info\/index.php?rest_route=%2Fwp%2Fv2%2Ftags&post=7520"}],"curies":[{"name":"wp","href":"https:\/\/api.w.org\/{rel}","templated":true}]}}