{"id":7523,"date":"2014-05-09T23:41:17","date_gmt":"2014-05-09T21:41:17","guid":{"rendered":"http:\/\/niecodziennosc.kubic.info\/index.php\/2014\/05\/09\/trzy-monitory-i-dwie-myszy\/"},"modified":"2014-05-09T23:41:17","modified_gmt":"2014-05-09T21:41:17","slug":"trzy-monitory-i-dwie-myszy","status":"publish","type":"post","link":"http:\/\/niecodziennosc.kubic.info\/?p=7523","title":{"rendered":"Trzy monitory i dwie myszy"},"content":{"rendered":"<p>Na g\u00f3rze &#8211; dwa du\u017ce monitory. Nieco ni\u017cej &#8211; mniejszy, to laptop, le\u017cy na biurku. Spod blatu wysuwa si\u0119 kolejny poziom, p\u00f3\u0142eczka z klawiatur\u0105 i mysz\u0105. W sumie &#8211; trzy monitory, dwie myszy, dwie klawiatury, i tablet graficzny z elektronicznym pi\u00f3rem.<\/p>\n<p>Gdy du\u017cy komputer zaj\u0119ty jest jednym projektem, na ma\u0142ym mo\u017cna pracowa\u0107 nad innym. Gdy w drugim projekcie zabraknie natchnienia, monta\u017cysta wraca si\u0119 od pierwszego i wena pojawia si\u0119 znowu. Dzi\u015b drugim projektem by\u0142 skr\u00f3t spektaklu. Z dziewi\u0119\u0107dziesi\u0119ciu minut nale\u017ca\u0142o zrobi\u0107 nie wi\u0119cej jak trzy, cztery. Kt\u00f3re fragmenty wybra\u0107? Jak je u\u0142o\u017cy\u0107, czym po\u0142\u0105czy\u0107, \u017ceby co\u015b powiedzie\u0107, a zarazem stworzy\u0107 ma\u0142\u0105 form\u0119 sam\u0105 w sobie&#8230;<\/p>\n<p>Pierwszy projekt to b\u0142yskotliwa relacja zza teatralnych kulis, trwaj\u0105ca zn\u00f3w nie wi\u0119cej jak trzy, cztery minuty. Kr\u0119cona bez \u015bcis\u0142ego scenariusza, dopiero podczas monta\u017cu nabiera sylwetki.<\/p>\n<p>Z bezkszta\u0142tnej mg\u0142y, pustki, w kt\u00f3rej, jak si\u0119 zdaje, nie ma prawie nic, udaje si\u0119 wy\u0142oni\u0107 drobn\u0105 ni\u0107. W nieznanym krajobrazie, kt\u00f3rego, zdawa\u0142o si\u0119, nie ma, wyra\u017aniej\u0105 kszta\u0142ty. Pojawia si\u0119 trop, przep\u0142yw napi\u0119\u0107, przeczuwa si\u0119 go i poszukuje zarazem; &#8222;gdzie\u015b tu powinien by\u0107&#8221; &#8211; tworzywo, kt\u00f3re wywo\u0142a emocje.<\/p>\n<p>Monta\u017cysta robi sobie przerw\u0119 i zagl\u0105da do pokoju naprzeciwko. Otwarte drzwi zdaj\u0105 si\u0119 zaprasza\u0107. Znad komputer\u00f3w podnosz\u0105 si\u0119 dwie g\u0142owy, d\u0142ugie w\u0142osy, jedne ogniste, inne &#8211; bardzo jasny blond &#8211; ods\u0142aniaj\u0105 kobiece czo\u0142a, sp\u0142ywaj\u0105 poza policzki. A jednak nie zafascynuj\u0105 si\u0119 opowiadaniem o zmaganiu z monta\u017cem. Tak samo jak si\u0119 podnios\u0142y, opadn\u0105 z powrotem, tak samo razem. <\/p>\n<p><img fetchpriority=\"high\" decoding=\"async\" src=\"wp-content\/uploads\/2019\/03\/_F1A0975.jpg\" alt=\"Osiedle Dywizjonu 303, Krak\u00f3w, Nowa Huta, fot. Piotr Kubic\" width=\"500\" height=\"333\" \/><\/p>\n<p>Po kilkudziesi\u0119ciu godzinach sp\u0119dzonych w wirtualnym \u015bwiecie, szczeg\u00f3lnie st\u0105pa si\u0119 po zwyk\u0142ym, <em>prawdziwym<\/em> gruncie. Realnymi stopami, po szorstkim betonie, nie za pomoc\u0105 myszki i nie patrz\u0105c w \u015bwiec\u0105cy nieskazitelnie ekran. Szary beton nagle staje si\u0119 ciekawszy ni\u017c starannie dobrane kolory systemu operacyjnego. Szaro\u015b\u0107 bogatsza od wymuskanych barw, a to, co na co dzie\u0144 wydaje si\u0119 zdawkowe i monotonne, teraz jest poszukiwan\u0105 oaz\u0105 spokoju i pewno\u015bci.<\/p>\n<p>Czasem trudno oprze\u0107 si\u0119 wra\u017ceniu, \u017ce wszystko, czym si\u0119 otoczyli\u015bmy &#8211; sami siebie, my, ludzie &#8211; ma sk\u0142oni\u0107 nas w ko\u0144cu do powrotu do prostoty i natury.<\/p>\n","protected":false},"excerpt":{"rendered":"<p>Na g\u00f3rze &#8211; dwa du\u017ce &#8230;<\/p>\n","protected":false},"author":1,"featured_media":0,"comment_status":"open","ping_status":"open","sticky":false,"template":"","format":"standard","meta":{"footnotes":""},"categories":[57],"tags":[327,70,166],"_links":{"self":[{"href":"http:\/\/niecodziennosc.kubic.info\/index.php?rest_route=\/wp\/v2\/posts\/7523"}],"collection":[{"href":"http:\/\/niecodziennosc.kubic.info\/index.php?rest_route=\/wp\/v2\/posts"}],"about":[{"href":"http:\/\/niecodziennosc.kubic.info\/index.php?rest_route=\/wp\/v2\/types\/post"}],"author":[{"embeddable":true,"href":"http:\/\/niecodziennosc.kubic.info\/index.php?rest_route=\/wp\/v2\/users\/1"}],"replies":[{"embeddable":true,"href":"http:\/\/niecodziennosc.kubic.info\/index.php?rest_route=%2Fwp%2Fv2%2Fcomments&post=7523"}],"version-history":[{"count":0,"href":"http:\/\/niecodziennosc.kubic.info\/index.php?rest_route=\/wp\/v2\/posts\/7523\/revisions"}],"wp:attachment":[{"href":"http:\/\/niecodziennosc.kubic.info\/index.php?rest_route=%2Fwp%2Fv2%2Fmedia&parent=7523"}],"wp:term":[{"taxonomy":"category","embeddable":true,"href":"http:\/\/niecodziennosc.kubic.info\/index.php?rest_route=%2Fwp%2Fv2%2Fcategories&post=7523"},{"taxonomy":"post_tag","embeddable":true,"href":"http:\/\/niecodziennosc.kubic.info\/index.php?rest_route=%2Fwp%2Fv2%2Ftags&post=7523"}],"curies":[{"name":"wp","href":"https:\/\/api.w.org\/{rel}","templated":true}]}}