{"id":7524,"date":"2014-05-07T16:53:42","date_gmt":"2014-05-07T14:53:42","guid":{"rendered":"http:\/\/niecodziennosc.kubic.info\/index.php\/2014\/05\/07\/na-bloniach-krakowskich\/"},"modified":"2014-05-07T16:53:42","modified_gmt":"2014-05-07T14:53:42","slug":"na-bloniach-krakowskich","status":"publish","type":"post","link":"http:\/\/niecodziennosc.kubic.info\/?p=7524","title":{"rendered":"Na B\u0142oniach Krakowskich"},"content":{"rendered":"<p>Wielki tr\u00f3jk\u0105t zaczyna si\u0119 tutaj. Wok\u00f3\u0142 jego k\u0105ta, po zewn\u0119trznej stronie, owija si\u0119 alejka wy\u0142o\u017cona asfaltem. Sam &#8222;dzi\u00f3bek&#8221; nie jest ostry, tylko okr\u0105g\u0142y. Ale ta ma\u0142a kr\u0105g\u0142o\u015b\u0107 nie ma znaczenia wobec ogromu. Dwa boki, z tego w\u0142a\u015bnie miejsca, uciekaj\u0105 w dal, rozchodz\u0105c si\u0119 coraz bardziej.<\/p>\n<p>Pomi\u0119dzy nimi pojawia si\u0119 zielona przestrze\u0144. Nie od razu, bo w samym rogu pozosta\u0142a tylko wydeptana ziemia. Przechodnie skracaj\u0105 tu drog\u0119, id\u0105c od strony Kijowa, a zmierzaj\u0105c na Oleandry. Lecz nieco dalej po\u0142a\u0107 zieleni ro\u015bnie, jest coraz szersza. Na pocz\u0105tku wydaje si\u0119 do opanowania, lecz im dalej, tym jest bujniejsza i trudniejsza do ogarni\u0119cia. I cz\u0142owiek, kt\u00f3ry m\u00f3g\u0142 j\u0105 wpierw okraczy\u0107, id\u0105c potem, w otwieraj\u0105ce si\u0119 pole, zaczyna w niej si\u0119 pogr\u0105\u017ca\u0107. Wreszcie staje si\u0119 ma\u0142\u0105 mr\u00f3wk\u0105, zagubion\u0105 na szerokiej tafli otch\u0142ani.<\/p>\n<p>Zanim dojdzie si\u0119 do ko\u0144ca, mo\u017ce zapomnie\u0107 o pocz\u0105tku. Zgubi czas i przestrze\u0144. Aleja 3 Maja i ulica Focha rozchodz\u0105 si\u0119 daleko, mog\u0142yby tak biegn\u0105\u0107 bez ko\u0144ca, a\u017c znikn\u0119\u0142yby za horyzontem. Pozosta\u0142aby tylko faluj\u0105ca na wietrze ziele\u0144, z kt\u00f3rej nie chcia\u0142oby si\u0119 ju\u017c wraca\u0107.<\/p>\n<p><img fetchpriority=\"high\" decoding=\"async\" src=\"wp-content\/uploads\/2019\/03\/_F1A0990.jpg\" alt=\"\" width=\"500\" height=\"333\" \/><\/p>\n<p>&#65279;<\/p>\n","protected":false},"excerpt":{"rendered":"<p>Wielki tr\u00f3jk\u0105t &#8230;<\/p>\n","protected":false},"author":1,"featured_media":0,"comment_status":"open","ping_status":"open","sticky":false,"template":"","format":"standard","meta":{"footnotes":""},"categories":[50],"tags":[865,208,882,186,747,655],"_links":{"self":[{"href":"http:\/\/niecodziennosc.kubic.info\/index.php?rest_route=\/wp\/v2\/posts\/7524"}],"collection":[{"href":"http:\/\/niecodziennosc.kubic.info\/index.php?rest_route=\/wp\/v2\/posts"}],"about":[{"href":"http:\/\/niecodziennosc.kubic.info\/index.php?rest_route=\/wp\/v2\/types\/post"}],"author":[{"embeddable":true,"href":"http:\/\/niecodziennosc.kubic.info\/index.php?rest_route=\/wp\/v2\/users\/1"}],"replies":[{"embeddable":true,"href":"http:\/\/niecodziennosc.kubic.info\/index.php?rest_route=%2Fwp%2Fv2%2Fcomments&post=7524"}],"version-history":[{"count":0,"href":"http:\/\/niecodziennosc.kubic.info\/index.php?rest_route=\/wp\/v2\/posts\/7524\/revisions"}],"wp:attachment":[{"href":"http:\/\/niecodziennosc.kubic.info\/index.php?rest_route=%2Fwp%2Fv2%2Fmedia&parent=7524"}],"wp:term":[{"taxonomy":"category","embeddable":true,"href":"http:\/\/niecodziennosc.kubic.info\/index.php?rest_route=%2Fwp%2Fv2%2Fcategories&post=7524"},{"taxonomy":"post_tag","embeddable":true,"href":"http:\/\/niecodziennosc.kubic.info\/index.php?rest_route=%2Fwp%2Fv2%2Ftags&post=7524"}],"curies":[{"name":"wp","href":"https:\/\/api.w.org\/{rel}","templated":true}]}}