{"id":7526,"date":"2014-05-03T01:31:46","date_gmt":"2014-05-02T23:31:46","guid":{"rendered":"http:\/\/niecodziennosc.kubic.info\/index.php\/2014\/05\/03\/nie-zrobilem-zdjecia\/"},"modified":"2019-05-05T01:42:12","modified_gmt":"2019-05-04T23:42:12","slug":"nie-zrobilem-zdjecia","status":"publish","type":"post","link":"http:\/\/niecodziennosc.kubic.info\/?p=7526","title":{"rendered":"Nie zrobi\u0142em zdj\u0119cia"},"content":{"rendered":"<p>W \u015bwi\u0105teczny poniedzia\u0142ek przyszed\u0142 s\u0105siad, odwiedzi\u0107. Przyszed\u0142 w porze obiadowej, czy to przypadkiem czy nie przypadkiem. Mo\u017ce zobaczy\u0142 samochody, kt\u00f3re zajecha\u0142y przed ostatni\u0105 w rz\u0119dzie zagrod\u0119, w tej rumu\u0144skiej wsi. Wiedzia\u0142, \u017ce s\u0105 go\u015bcie i nie b\u0119dzie jedynym. Niedu\u017cego wzrostu, o ciemnej sk\u00f3rze, okr\u0105g\u0142ej twarzy, du\u017cych oczach i czarnych w\u0142osach. Kontrastowa\u0142 z nimi bia\u0142y, wysoki ko\u0142nierz koszuli, a tak\u017ce jasnoniebieski niebieski sweter, z niewielkim wci\u0119ciem pod ko\u0142nierzem. Ubranie, s\u0142owem, \u015bwi\u0105teczne.<\/p>\n<p>Zgarbiwszy si\u0119 pochyli\u0142 g\u0142ow\u0119 w stron\u0119 talerza i poch\u0142ania\u0142 w skupieniu i z namaszczeniem obiadowe danie. Pozostali sko\u0144czyli ju\u017c wcze\u015bniej, \u0142\u0105cznie z dzie\u0107mi, kt\u00f3re przy pierwszej okazji opu\u015bci\u0142y towarzystwo przy stole. On, drobn\u0105 sw\u0105 postaci\u0105 i niewinno\u015bci\u0105 twarzy wygl\u0105da\u0142 jak nieco wi\u0119ksze dziecko, tylko powolno\u015b\u0107 i oszcz\u0119dno\u015b\u0107 ruch\u00f3w, spokojne, opanowanie rozmarzenie \u015bwiadczy\u0142y o tym, \u017ce cechy te zosta\u0142y ju\u017c utrwalone przez \u017cycie, i skoro si\u0119 osta\u0142y, to musz\u0105 wynika\u0107 z czego\u015b wi\u0119cej ni\u017c prostoduszna nie\u015bwiadomo\u015b\u0107.<\/p>\n<p>Po obiedzie wyj\u0105\u0142 sk\u0105d\u015b, nie wiem sk\u0105d, flakonik perfum i z tym samym rozmarzeniem w oczach zacz\u0105\u0142 raczy\u0107 nimi nieliczne w tym towarzystwie kobiety. Na ich twarzach, bez s\u0142\u00f3w, pojawi\u0142o si\u0119 podobny spok\u00f3j i spe\u0142nienie.<\/p>\n<p><img fetchpriority=\"high\" decoding=\"async\" src=\"wp-content\/uploads\/2019\/03\/Rumunia_F1A5058.jpg\" alt=\"Stare drzwi, fot. Piotr Kubic\" width=\"333\" height=\"500\" \/><\/p>\n<p>Widok owego s\u0105siada wzbudzi\u0142 we mnie tak silne uczucie, \u017ce nie zrobi\u0142em mu zdj\u0119cia. Musia\u0142bym dokona\u0107 czego\u015b jak gwa\u0142t, \u017ceby wycelowa\u0107 obiektyw i nacisn\u0105\u0107 spust. Gwa\u0142t ten najprawdopodobniej by\u0142by dokonany na mnie samym, bo nie s\u0105dz\u0119, aby on poczu\u0142 si\u0119 dotkni\u0119ty. Tak wi\u0119c zdj\u0119cia nie mam, i mo\u017ce samemu si\u0119 usprawiedliwiaj\u0105c twierdz\u0119, \u017ce chyba dobrze. Bo w pami\u0119ci pozosta\u0142 mi jego obraz, a gdybym zrobi\u0142 zdj\u0119cie, to mog\u0142oby ono nie dor\u00f3wna\u0107 temu, co pozosta\u0142o w mojej wyobra\u017ani.<span>\u00a0<\/span><\/p>\n","protected":false},"excerpt":{"rendered":"<p>W \u015bwi\u0105teczny &#8230;<\/p>\n","protected":false},"author":1,"featured_media":0,"comment_status":"open","ping_status":"open","sticky":false,"template":"","format":"standard","meta":{"footnotes":""},"categories":[35,909],"tags":[607,38],"_links":{"self":[{"href":"http:\/\/niecodziennosc.kubic.info\/index.php?rest_route=\/wp\/v2\/posts\/7526"}],"collection":[{"href":"http:\/\/niecodziennosc.kubic.info\/index.php?rest_route=\/wp\/v2\/posts"}],"about":[{"href":"http:\/\/niecodziennosc.kubic.info\/index.php?rest_route=\/wp\/v2\/types\/post"}],"author":[{"embeddable":true,"href":"http:\/\/niecodziennosc.kubic.info\/index.php?rest_route=\/wp\/v2\/users\/1"}],"replies":[{"embeddable":true,"href":"http:\/\/niecodziennosc.kubic.info\/index.php?rest_route=%2Fwp%2Fv2%2Fcomments&post=7526"}],"version-history":[{"count":1,"href":"http:\/\/niecodziennosc.kubic.info\/index.php?rest_route=\/wp\/v2\/posts\/7526\/revisions"}],"predecessor-version":[{"id":8978,"href":"http:\/\/niecodziennosc.kubic.info\/index.php?rest_route=\/wp\/v2\/posts\/7526\/revisions\/8978"}],"wp:attachment":[{"href":"http:\/\/niecodziennosc.kubic.info\/index.php?rest_route=%2Fwp%2Fv2%2Fmedia&parent=7526"}],"wp:term":[{"taxonomy":"category","embeddable":true,"href":"http:\/\/niecodziennosc.kubic.info\/index.php?rest_route=%2Fwp%2Fv2%2Fcategories&post=7526"},{"taxonomy":"post_tag","embeddable":true,"href":"http:\/\/niecodziennosc.kubic.info\/index.php?rest_route=%2Fwp%2Fv2%2Ftags&post=7526"}],"curies":[{"name":"wp","href":"https:\/\/api.w.org\/{rel}","templated":true}]}}