{"id":7530,"date":"2014-04-20T23:12:47","date_gmt":"2014-04-20T21:12:47","guid":{"rendered":"http:\/\/niecodziennosc.kubic.info\/index.php\/2014\/04\/20\/w-miescie-zanika-osobowosc\/"},"modified":"2019-05-05T01:42:12","modified_gmt":"2019-05-04T23:42:12","slug":"w-miescie-zanika-osobowosc","status":"publish","type":"post","link":"http:\/\/niecodziennosc.kubic.info\/?p=7530","title":{"rendered":"W mie\u015bcie zanika osobowo\u015b\u0107"},"content":{"rendered":"<p>Du\u017ce, uniwersyteckie miasto, jakie\u015b dwie\u015bcie kilometr\u00f3w na po\u0142udniowy wsch\u00f3d od Krakowa. Jak w innych uniwersyteckich miastach Europy, przechodnie wsiadaj\u0105 do tramwaj\u00f3w, taks\u00f3wek, spiesz\u0105 ulicami, gromadz\u0105 si\u0119 przed przej\u015bciami dla pieszych, wchodz\u0105 i wychodz\u0105 z budynk\u00f3w. Miasta r\u00f3\u017cni\u0105 si\u0119 wygl\u0105dem tramwaj\u00f3w, architektur\u0105, odzie\u017c\u0105 przechodni\u00f3w, mo\u017cna powiedzie\u0107 og\u00f3lniej: stopniem uporz\u0105dkowania oraz zadbania. Ale og\u00f3lne spojrzenie niewiele m\u00f3wi o wra\u017ceniach, kt\u00f3re powstaj\u0105, gdy zetkn\u0105\u0107 si\u0119 z miastem bli\u017cej.\u00a0<\/p>\n<p><img fetchpriority=\"high\" decoding=\"async\" src=\"wp-content\/uploads\/2019\/03\/_F1A4890.jpg\" alt=\"Skrzynki na listy, Rumunia, fot. Piotr Kubic\" width=\"500\" height=\"333\" \/><\/p>\n<p>A wra\u017cenie powstaje takie, \u017ce uporz\u0105dkowanie miast przoduj\u0105cej w rozwoju cz\u0119\u015bci Europy ma na celu nic innego, jak ukrycie istoty spraw, jakby wn\u0119trza ludzi, kt\u00f3rzy tam \u017cyj\u0105. Wszystkie elementy, kt\u00f3re mog\u0119 nie\u015b\u0107 ze sob\u0105 namacaln\u0105 histori\u0119, s\u0105 tej historyczno\u015bci pozbawiane. Rzeczy nie mog\u0105 nosi\u0107 na sobie znamion czasu, bo staj\u0105 si\u0119 <em>stare<\/em>. M\u00f3wi\u0105c najpro\u015bciej &#8211; nie ma tam zniszcze\u0144, rdzy, wyblak\u0142ej farby czy odpadaj\u0105cego tynku. Je\u015bli co\u015b zaczyna nosi\u0107 \u015blad czasu, zostaje wymienione na nowe.<\/p>\n<p>Historia, je\u015bli ju\u017c istnieje, jest zamkni\u0119ta szczelnie w muzeach &#8211; oprawiona w ramy i umieszczona za szyb\u0105. Wszystko, co mo\u017ce by\u0107 odrestaurowane, jest odrestaurowane. Czyli, de facto, pozbawione prawdziwych \u015blad\u00f3w przesz\u0142o\u015bci. Je\u015bli co\u015b ma by\u0107 <em>stare<\/em>, to nie mo\u017ce by\u0107 <em>stare<\/em> naprawd\u0119. W takim razie mo\u017ce tylko <em>udawa\u0107 stare<\/em>.<\/p>\n<p>W odr\u00f3\u017cnieniu &#8211; jecha\u0142em dzi\u015b tramwajem, w kt\u00f3rym por\u0119cze zdradza\u0142y dotkni\u0119cia tysi\u0119cy d\u0142oni, a fotele &#8211; histori\u0119 t\u0142um\u00f3w pasa\u017cer\u00f3w. Zewn\u0119trzne cz\u0119\u015bci karoserii by\u0142y wyblak\u0142e od letnich i zimowych promieni s\u0142o\u0144ca, a drzwi domyka\u0142y si\u0119 pozostawiaj\u0105c spore szpary, bo w czasach, w kt\u00f3rych je montowano, takich szczeg\u00f3\u0142\u00f3w prawdopodobnie nikt nie dostrzega\u0142. Krakowskie bombardiery za dziesi\u0119\u0107 lat b\u0119d\u0105 wygl\u0105da\u0142y tak, jakby nimi nikt nie je\u017adzi\u0142, a je\u015bli strac\u0105 nieskazitelno\u015b\u0107, zostan\u0105 zast\u0105pione.<\/p>\n<p><img decoding=\"async\" title=\"Osiedle, Rumunia, fot. Piotr Kubic\" src=\"wp-content\/uploads\/2019\/03\/rumunia_F1A4904.jpg\" alt=\"Osiedle, Rumunia, fot. Piotr Kubic\" width=\"500\" height=\"333\" \/><\/p>\n<p>Ale i tutaj mieszka\u0144cy d\u0105\u017c\u0105 ju\u017c do tego idea\u0142u z Zachodu, kt\u00f3ry by\u0107 mo\u017ce przedstawia sob\u0105 g\u0142\u00f3wnie pustk\u0119. Najtrudniej zmienia si\u0119 architektur\u0119, naj\u0142atwiej &#8211; image i make up kobiet. Dawno ju\u017c dotar\u0142y tu zachodnie czasopisma, ze wzorami na stronach ok\u0142adek, do kt\u00f3rych zacz\u0119\u0142y pretendowa\u0107 te istoty zniewalane w\u0142asnym upodobaniem do porz\u0105dku i pi\u0119kna, jakiegokolwiek. Szminka, puder i ciuchy s\u0105 o wiele ta\u0144sze ni\u017c nowa fasada bloku o kilkuset mieszkaniach. St\u0105d w obrazie miasta mno\u017c\u0105 si\u0119 klony. Szcz\u0119\u015bcie, \u017ce nie\u0142atwo przychodzi zmieni\u0107 rysy twarzy, kszta\u0142t brody, czo\u0142a, ko\u015bci policzkowych, dostatecznie trwa\u0142a okazuje si\u0119 te\u017c barwa sk\u00f3ry i w\u0142os\u00f3w. Dzi\u0119ki temu ci\u0105gle wiem, \u017ce nie jestem np. we Francji.<\/p>\n<p><img decoding=\"async\" src=\"wp-content\/uploads\/2019\/03\/rumunia_F1A4903.jpg\" alt=\"Witryna, Fryzjer, Nieruchomo\u015bci, Rumunia fot. Piotr Kubic\" width=\"500\" height=\"333\" \/><\/p>\n<p>Jeszcze s\u0105 miejsca, z kt\u00f3rych mo\u017cna odczyta\u0107 osobowo\u015b\u0107 mieszkaj\u0105cych tu ludzi. To cho\u0107by balustrada przed zak\u0142adem fryzjerskim, z widocznymi \u015bladami spaw\u00f3w, malowana przez cz\u0142owieka, nie przez automat. Kioski z pras\u0105 i biletami, z kt\u00f3rych ka\u017cdy jest troch\u0119 inny, bo nie podleg\u0142y standaryzacji, wed\u0142ug og\u00f3lnych przepis\u00f3w i zalece\u0144. Dostrzeg\u0142em to w ci\u0105gu ostatnich dni, \u017ce tutaj w\u0142a\u015bnie teraz zanika osobowo\u015b\u0107, zast\u0119puj\u0119 j\u0105 szablon. Jest <em>\u0142adny<\/em>, ale niewiele wi\u0119cej da si\u0119 na jego temat powiedzie\u0107. Jego pustka jest zastanawiaj\u0105ca, lecz nie ma chyba od niej odwrotu. Jedyne wyj\u015bcie, to ucieczka w sfery, gdzie nie dosi\u0119gnie uproszczone poj\u0119cie o \u0142adzie i porz\u0105dku. Gdzie prymitywne d\u0105\u017cenie do prostacko poj\u0119tej nie\u015bmiertelno\u015bci nie b\u0119dzie kastrowa\u0107 \u015blad\u00f3w prawdziwej historii.<\/p>\n<p><img loading=\"lazy\" decoding=\"async\" src=\"wp-content\/uploads\/2019\/03\/rumunia_F1A4907.jpg\" alt=\"Osiedle, Rumunia, fot. Piotr Kubic\" width=\"500\" height=\"333\" \/><\/p>\n","protected":false},"excerpt":{"rendered":"<p>Du\u017ce, uniwersyteckie &#8230;<\/p>\n","protected":false},"author":1,"featured_media":0,"comment_status":"open","ping_status":"open","sticky":false,"template":"","format":"standard","meta":{"footnotes":""},"categories":[50,909],"tags":[646,324,208,38,747,70,881],"_links":{"self":[{"href":"http:\/\/niecodziennosc.kubic.info\/index.php?rest_route=\/wp\/v2\/posts\/7530"}],"collection":[{"href":"http:\/\/niecodziennosc.kubic.info\/index.php?rest_route=\/wp\/v2\/posts"}],"about":[{"href":"http:\/\/niecodziennosc.kubic.info\/index.php?rest_route=\/wp\/v2\/types\/post"}],"author":[{"embeddable":true,"href":"http:\/\/niecodziennosc.kubic.info\/index.php?rest_route=\/wp\/v2\/users\/1"}],"replies":[{"embeddable":true,"href":"http:\/\/niecodziennosc.kubic.info\/index.php?rest_route=%2Fwp%2Fv2%2Fcomments&post=7530"}],"version-history":[{"count":1,"href":"http:\/\/niecodziennosc.kubic.info\/index.php?rest_route=\/wp\/v2\/posts\/7530\/revisions"}],"predecessor-version":[{"id":8979,"href":"http:\/\/niecodziennosc.kubic.info\/index.php?rest_route=\/wp\/v2\/posts\/7530\/revisions\/8979"}],"wp:attachment":[{"href":"http:\/\/niecodziennosc.kubic.info\/index.php?rest_route=%2Fwp%2Fv2%2Fmedia&parent=7530"}],"wp:term":[{"taxonomy":"category","embeddable":true,"href":"http:\/\/niecodziennosc.kubic.info\/index.php?rest_route=%2Fwp%2Fv2%2Fcategories&post=7530"},{"taxonomy":"post_tag","embeddable":true,"href":"http:\/\/niecodziennosc.kubic.info\/index.php?rest_route=%2Fwp%2Fv2%2Ftags&post=7530"}],"curies":[{"name":"wp","href":"https:\/\/api.w.org\/{rel}","templated":true}]}}