{"id":7538,"date":"2014-03-30T00:29:24","date_gmt":"2014-03-29T23:29:24","guid":{"rendered":"http:\/\/niecodziennosc.kubic.info\/index.php\/2014\/03\/30\/wyraz-osobowosci-firana\/"},"modified":"2014-03-30T00:29:24","modified_gmt":"2014-03-29T23:29:24","slug":"wyraz-osobowosci-firana","status":"publish","type":"post","link":"http:\/\/niecodziennosc.kubic.info\/?p=7538","title":{"rendered":"Wyraz osobowo\u015bci, firana"},"content":{"rendered":"<p>Przegl\u0105dn\u0105\u0142em pospieszne portale informacyjne. Nic nowego. Zmieniaj\u0105 si\u0119 postaci, jak karuzela kr\u0119c\u0105 si\u0119 tematy, podobne, tylko w nowych ods\u0142onach. Dziennikarze, komentatorzy, blogerzy, z t\u0105 sam\u0105 swad\u0105, co tydzie\u0144, miesi\u0105c, p\u00f3\u0142 roku temu, zabieraj\u0105 si\u0119 za kolejne afery, skandale. Analizuj\u0105 rzetelnie, kto i co powiedzia\u0142, jak odpowiedzia\u0142 kto\u015b inny, kto si\u0119 za kim ujmie, kto z kim zerwie i co zg\u0142osi do prokuratury. Za ka\u017cdym razem zaczynaj\u0105 od nowa, jakby nigdy nic podobnego si\u0119 nie zdarzy\u0142o, jak bez pami\u0119ci.<\/p>\n<p>Jak re\u017cyser, kt\u00f3ry ka\u017cd\u0105 pr\u00f3b\u0119 rozpoczyna pocz\u0105tkiem przedstawienia, za ka\u017cdym razem wydaje si\u0119, jemu i innym, \u017ce re\u017cyseruje inaczej, lecz potem, nieuchronnie, dochodzi do tego samego punktu, w tym samym stylu, i pozostaje z tymi samymi pytaniami i w\u0105tpliwo\u015bciami. W ko\u0144cu musi przerwa\u0107, szcz\u0119\u015bliwie, bo o 14.00 ko\u0144czy si\u0119 pr\u00f3ba, a on nie wie, co dalej pocz\u0105\u0107, wi\u0119c z ulg\u0105 zerka na zegarek i oznajmia &#8222;koniec pr\u00f3by&#8221;. Jest pewien, \u017ce nast\u0119pnego dnia post\u0105pi dalej, na wszelki wypadek zn\u00f3w zaczyna od pocz\u0105tku, zn\u00f3w odkrywczo i z genialnymi, nowymi pomys\u0142ami. Za ka\u017cdym razem rozpiera go duma z efekt\u00f3w pracy, czuje, \u017ce przechodzi kolejne etapy dzie\u0142a, tylko \u017ce nigdy nie udaje mu si\u0119 dobrn\u0105\u0107 do fina\u0142u.<\/p>\n<p>Wojna na Ukrainie nie zajmuje mnie w og\u00f3le. Powinienem czu\u0107 wyrzuty sumienia, ale wspominam filmy dokumentalne z poprzedniej epoki, kt\u00f3ra przecie\u017c nie ca\u0142kiem min\u0119\u0142a, tym bardziej na Wschodzie. Dopada mnie poczucie bezsensu interesowania si\u0119 wsp\u00f3\u0142czesn\u0105 sytuacj\u0105, bo mo\u017ce dopiero z perspektywy trzydziestu, pi\u0119\u0107dziesi\u0119ciu lat nasze dzieci b\u0119d\u0105 mog\u0142y przyst\u0119powa\u0107 do wst\u0119pnej oceny. Czy ja m\u00f3g\u0142bym na co\u015b wp\u0142yn\u0105\u0107, co\u015b zmieni\u0107, teraz?<\/p>\n<p><img fetchpriority=\"high\" decoding=\"async\" src=\"wp-content\/uploads\/2019\/03\/firanyrodzina_F1A2400EditfotPiotrKubic.jpg\" alt=\"Sklep z firanami\" width=\"500\" height=\"333\" \/><\/p>\n<p>Dzi\u015b poszli\u015bmy do sklepu kupi\u0107 kawa\u0142ek firanki. Przed nami, w kolejce, by\u0142y: matka z dwuletnim dzieckiem i ojcem, m\u0142odzi, oraz matka z c\u00f3rk\u0105, ta w wieku mo\u017ce dwudziestu lat, wymalowana tak, \u017ce lepiej nie zrobi\u0142bym tego w photoshopie. Z niedowierzaniem patrzy\u0142em na dyskusje, w kt\u00f3rych wz\u00f3r firanki, spos\u00f3b zawieszenia, wyko\u0144czenie, staj\u0105 si\u0119 przedmiotem d\u0142ugich rozwa\u017ca\u0144, kt\u00f3rych ton wskazuje, \u017ce traktuje si\u0119 je ca\u0142kiem powa\u017cnie. Najwyra\u017aniej podobne dyskusje mia\u0142y ju\u017c miejsce wcze\u015bniej, nie tu, ze sprzedawczyni\u0105 w sklepie, ale w rodzinie, przy obiedzie lub kawie, na spacerze, i przy samych oknach, przy kt\u00f3rych mia\u0142y firany zawisn\u0105\u0107.<\/p>\n<p>Je\u015bli zaledwie firany domagaj\u0105 si\u0119 takiej uwagi, to co dopiero reszta wystroju domowego? Jest nad czym my\u015ble\u0107. Gdyby kto\u015b zastanawia\u0142 si\u0119, nad czym by tu w \u017cyciu my\u015ble\u0107, bo samo \u017cycie przesta\u0142o by\u0107 dostatecznie ciekawe. Firana dostarcza temat\u00f3w do rozmowy, sensu istnienia rodziny, staje przedmiotem tw\u00f3rczego wysi\u0142ku, potem wystawionego na ocen\u0119 krewnych, znajomych i s\u0105siad\u00f3w. Firana jest wyrazem ludzkiej osobowo\u015bci, podobnie jak kszta\u0142t i kolor uchwyt\u00f3w drzwiczek szafek kuchennych, rozmieszczenie lampek o\u015bwietlenia czy dyskretne dodatki w kolorze kontrastuj\u0105cym z odcieniem salonu.<\/p>\n<p>I tak firana wygrywa z Ukrain\u0105. Ciche pielesze rodzinnego miasteczka, w kt\u00f3rym nic wi\u0119cej nie musi nas interesowa\u0107. Mo\u017cna powiedzie\u0107, \u017ce czasem zerkamy ukradkiem na niebo, czy ju\u017c nie wida\u0107 wielkiego grzyba wybuchu atomowego. Bo wtedy wiedzieliby\u015bmy na pewno, \u017ce nic nie mo\u017cna poradzi\u0107.<\/p>\n","protected":false},"excerpt":{"rendered":"<p>Przegl\u0105dn\u0105\u0142em &#8230;<\/p>\n","protected":false},"author":1,"featured_media":0,"comment_status":"open","ping_status":"open","sticky":false,"template":"","format":"standard","meta":{"footnotes":""},"categories":[50],"tags":[638,70],"_links":{"self":[{"href":"http:\/\/niecodziennosc.kubic.info\/index.php?rest_route=\/wp\/v2\/posts\/7538"}],"collection":[{"href":"http:\/\/niecodziennosc.kubic.info\/index.php?rest_route=\/wp\/v2\/posts"}],"about":[{"href":"http:\/\/niecodziennosc.kubic.info\/index.php?rest_route=\/wp\/v2\/types\/post"}],"author":[{"embeddable":true,"href":"http:\/\/niecodziennosc.kubic.info\/index.php?rest_route=\/wp\/v2\/users\/1"}],"replies":[{"embeddable":true,"href":"http:\/\/niecodziennosc.kubic.info\/index.php?rest_route=%2Fwp%2Fv2%2Fcomments&post=7538"}],"version-history":[{"count":0,"href":"http:\/\/niecodziennosc.kubic.info\/index.php?rest_route=\/wp\/v2\/posts\/7538\/revisions"}],"wp:attachment":[{"href":"http:\/\/niecodziennosc.kubic.info\/index.php?rest_route=%2Fwp%2Fv2%2Fmedia&parent=7538"}],"wp:term":[{"taxonomy":"category","embeddable":true,"href":"http:\/\/niecodziennosc.kubic.info\/index.php?rest_route=%2Fwp%2Fv2%2Fcategories&post=7538"},{"taxonomy":"post_tag","embeddable":true,"href":"http:\/\/niecodziennosc.kubic.info\/index.php?rest_route=%2Fwp%2Fv2%2Ftags&post=7538"}],"curies":[{"name":"wp","href":"https:\/\/api.w.org\/{rel}","templated":true}]}}