{"id":7541,"date":"2014-03-21T01:00:42","date_gmt":"2014-03-21T00:00:42","guid":{"rendered":"http:\/\/niecodziennosc.kubic.info\/index.php\/2014\/03\/21\/pietno\/"},"modified":"2014-03-21T01:00:42","modified_gmt":"2014-03-21T00:00:42","slug":"pietno","status":"publish","type":"post","link":"http:\/\/niecodziennosc.kubic.info\/?p=7541","title":{"rendered":"Pi\u0119tno"},"content":{"rendered":"<p>Naznaczony pi\u0119tnem poprzedniej epoki. Nieszcz\u0119\u015bciem, \u017ce w ba\u0142aganie sp\u0119dzi\u0142 dzieci\u0144stwo, kt\u00f3re po latach wspomina z nostalgi\u0105 i rozrzewnieniem. Dlatego skrzywione ma poczucie estetyki. Widzi pi\u0119kno w miejscach, kt\u00f3re inni chcieliby zas\u0142oni\u0107, za\u017cenowani.<\/p>\n<p><img fetchpriority=\"high\" decoding=\"async\" src=\"wp-content\/uploads\/2019\/03\/osxxxlecia_MG_8807.jpg\" alt=\"Osiedle XXX-lecia, fot. Piotr Kubic\" width=\"500\" height=\"333\" \/><\/p>\n<p>Zapachy, przez trzydzie\u015bci lat, nie zmieni\u0142y si\u0119. Nie chodzi o segregacj\u0119 \u015bmieci, czy ci\u0105gle jeszcze nieobecn\u0105 kanalizacj\u0119, nawet na g\u0142\u00f3wnych ulicach miasteczka. Chodzi o fataln\u0105 dla wyobra\u017ani zapach\u00f3w zmian\u0119 pory roku, kt\u00f3ra napada niewinnego, nie\u015bwiadomego przechodnia, w dowolnym momencie &#8211; ot, po prostu wysiad\u0142 z autobusu, o 22.07.<\/p>\n<p>Co zrobi\u0107, gdy z wiekiem (czy z wiekiem?), pewien cz\u0142owiek przestaje czu\u0107 wzmo\u017cony p\u0119d do osi\u0105gania, zdobywania. Gdy najprostsze zdarzenia sprawiaj\u0105 mu przyjemno\u015b\u0107 &#8211; czy to nie katastrofa, nie tylko dla systemu gospodarczego, opartego na produkcji i konsumpcji? Ale i dla spo\u0142ecze\u0144stwa, kt\u00f3re <em>powinno<\/em> si\u0119 rozwija\u0107? Katastrofa dla niego samego, bo, po prostu i zwyk\u0142emu, dziadzieje?<\/p>\n<p><img decoding=\"async\" src=\"wp-content\/uploads\/2019\/03\/osxxxlecia_MG_8798.jpg\" alt=\"socjalizm, fot. Piotr Kubic\" width=\"500\" height=\"333\" \/><\/p>\n<p>Lecz jest obywatel, przynajmniej jeden, a spodziewamy si\u0119, \u017ce s\u0105 ich, w gruncie rzeczy, miliony, kt\u00f3rym nie zale\u017cy na rozwoju. Nawet, je\u015bli do tej pory troch\u0119 zale\u017ca\u0142o, i tak sobie marzyli, \u017ce osi\u0105gn\u0105 to lub owo. A\u017c naraz rzucili marzenia, trzasn\u0119\u0142y o pod\u0142og\u0119, czy to z lenistwa, w\u015bciek\u0142o\u015bci czy intelektualnej kalkulacji, z my\u015bl\u0105 &#8222;chc\u0119 \u017cy\u0107, dop\u00f3ki \u017cy\u0107 mo\u017cna&#8221;, i nic wi\u0119cej.<\/p>\n<p><img decoding=\"async\" src=\"wp-content\/uploads\/2019\/03\/pranie_MG_7245.jpg\" alt=\"pranie na sznurze, fot. Piotr Kubic\" width=\"500\" height=\"333\" \/><\/p>\n<p>I nawet pisa\u0107 umiem inaczej. Umiem <em>\u0142adnie<\/em> pisa\u0107, ale nie chc\u0119. Czasem mog\u0119 nie chcie\u0107, i to jest takie mi\u0142e.<\/p>\n","protected":false},"excerpt":{"rendered":"<p>Naznaczony pi\u0119tnem &#8230;<\/p>\n","protected":false},"author":1,"featured_media":0,"comment_status":"open","ping_status":"open","sticky":false,"template":"","format":"standard","meta":{"footnotes":""},"categories":[27],"tags":[747],"_links":{"self":[{"href":"http:\/\/niecodziennosc.kubic.info\/index.php?rest_route=\/wp\/v2\/posts\/7541"}],"collection":[{"href":"http:\/\/niecodziennosc.kubic.info\/index.php?rest_route=\/wp\/v2\/posts"}],"about":[{"href":"http:\/\/niecodziennosc.kubic.info\/index.php?rest_route=\/wp\/v2\/types\/post"}],"author":[{"embeddable":true,"href":"http:\/\/niecodziennosc.kubic.info\/index.php?rest_route=\/wp\/v2\/users\/1"}],"replies":[{"embeddable":true,"href":"http:\/\/niecodziennosc.kubic.info\/index.php?rest_route=%2Fwp%2Fv2%2Fcomments&post=7541"}],"version-history":[{"count":0,"href":"http:\/\/niecodziennosc.kubic.info\/index.php?rest_route=\/wp\/v2\/posts\/7541\/revisions"}],"wp:attachment":[{"href":"http:\/\/niecodziennosc.kubic.info\/index.php?rest_route=%2Fwp%2Fv2%2Fmedia&parent=7541"}],"wp:term":[{"taxonomy":"category","embeddable":true,"href":"http:\/\/niecodziennosc.kubic.info\/index.php?rest_route=%2Fwp%2Fv2%2Fcategories&post=7541"},{"taxonomy":"post_tag","embeddable":true,"href":"http:\/\/niecodziennosc.kubic.info\/index.php?rest_route=%2Fwp%2Fv2%2Ftags&post=7541"}],"curies":[{"name":"wp","href":"https:\/\/api.w.org\/{rel}","templated":true}]}}