{"id":7545,"date":"2014-03-12T00:14:49","date_gmt":"2014-03-11T23:14:49","guid":{"rendered":"http:\/\/niecodziennosc.kubic.info\/index.php\/2014\/03\/12\/zdjecie-i-zdjecie\/"},"modified":"2014-03-12T00:14:49","modified_gmt":"2014-03-11T23:14:49","slug":"zdjecie-i-zdjecie","status":"publish","type":"post","link":"http:\/\/niecodziennosc.kubic.info\/?p=7545","title":{"rendered":"Zdj\u0119cie i zdj\u0119cie"},"content":{"rendered":"<p>Patrz\u0119 czasem na zdj\u0119cie moich kole\u017canek i koleg\u00f3w po fachu i niekiedy my\u015bl\u0119 sobie, \u017ce&#8230; ratunku! Nigdy bym nie chcia\u0142 robi\u0107 takich zdj\u0119\u0107!<\/p>\n<p>Nie chc\u0119 za nic w \u015bwiecie si\u0119gn\u0105\u0107 bana\u0142u. G\u0142adki podbr\u00f3dek to nie jest sedno fotografii. Cukierkowate zdj\u0119cie dziecka te\u017c nie. Nie chc\u0119 za nic w \u015bwiecie bezrefleksyjnie kopiowa\u0107 tego, do czego pretenduj\u0105 matki niemowl\u0105t.<\/p>\n<p>Ciesz\u0119 si\u0119, \u017ce nie musz\u0119 walczy\u0107 o przetrwanie za pomoc\u0105 fotografii. Mam szcz\u0119\u015bcie, \u017ce nie jestem fotoreporterem przywi\u0105zanym do gazety, kt\u00f3ra bezlito\u015bnie zabiera prawa do moich zdj\u0119\u0107. Los fotografa, kt\u00f3ry chce si\u0119 utrzyma\u0107 z fotografii, nie jest godny pozazdroszczenia. <\/p>\n","protected":false},"excerpt":{"rendered":"<p>Patrz\u0119 czasem na &#8230;<\/p>\n","protected":false},"author":1,"featured_media":0,"comment_status":"open","ping_status":"open","sticky":false,"template":"","format":"standard","meta":{"footnotes":""},"categories":[35],"tags":[],"_links":{"self":[{"href":"http:\/\/niecodziennosc.kubic.info\/index.php?rest_route=\/wp\/v2\/posts\/7545"}],"collection":[{"href":"http:\/\/niecodziennosc.kubic.info\/index.php?rest_route=\/wp\/v2\/posts"}],"about":[{"href":"http:\/\/niecodziennosc.kubic.info\/index.php?rest_route=\/wp\/v2\/types\/post"}],"author":[{"embeddable":true,"href":"http:\/\/niecodziennosc.kubic.info\/index.php?rest_route=\/wp\/v2\/users\/1"}],"replies":[{"embeddable":true,"href":"http:\/\/niecodziennosc.kubic.info\/index.php?rest_route=%2Fwp%2Fv2%2Fcomments&post=7545"}],"version-history":[{"count":0,"href":"http:\/\/niecodziennosc.kubic.info\/index.php?rest_route=\/wp\/v2\/posts\/7545\/revisions"}],"wp:attachment":[{"href":"http:\/\/niecodziennosc.kubic.info\/index.php?rest_route=%2Fwp%2Fv2%2Fmedia&parent=7545"}],"wp:term":[{"taxonomy":"category","embeddable":true,"href":"http:\/\/niecodziennosc.kubic.info\/index.php?rest_route=%2Fwp%2Fv2%2Fcategories&post=7545"},{"taxonomy":"post_tag","embeddable":true,"href":"http:\/\/niecodziennosc.kubic.info\/index.php?rest_route=%2Fwp%2Fv2%2Ftags&post=7545"}],"curies":[{"name":"wp","href":"https:\/\/api.w.org\/{rel}","templated":true}]}}