{"id":7549,"date":"2014-03-05T01:04:08","date_gmt":"2014-03-05T00:04:08","guid":{"rendered":"http:\/\/niecodziennosc.kubic.info\/index.php\/2014\/03\/05\/poszukiwanie-swojego-miejsca\/"},"modified":"2014-03-05T01:04:08","modified_gmt":"2014-03-05T00:04:08","slug":"poszukiwanie-swojego-miejsca","status":"publish","type":"post","link":"http:\/\/niecodziennosc.kubic.info\/?p=7549","title":{"rendered":"Poszukiwanie swojego miejsca"},"content":{"rendered":"<p>Moje dotychczasowe \u017cycie polega na poszukiwaniu mojego miejsca. Kim jestem, w czym le\u017cy moja warto\u015b\u0107.<\/p>\n<p>Czuj\u0119 pokus\u0119, by podejrzewa\u0107 siebie o rzeczy niezwyk\u0142e i szczeg\u00f3lne. Np. s\u0142ucham muzyki i my\u015bl\u0119 sobie, \u017ce ja te\u017c m\u00f3g\u0142bym tak gra\u0107, komponowa\u0107 itd., gdyby tylko moje \u017cycie u\u0142o\u017cy\u0142o si\u0119 inaczej.<\/p>\n<p>A jednak za ogromn\u0105 pora\u017ck\u0119 uznaj\u0119 oszukiwanie samego siebie. Konkretnie &#8211; \u017cycie u\u0142ud\u0105 &#8211; \u017ce jestem kim\u015b podobnym do kogo\u015b innego, kto jest znany, s\u0142awny, kogo praca jest szeroko doceniona.<\/p>\n<p>Temat ten przetrawia\u0142em wielokrotnie i analizuj\u0105c go intelektualnie, dochodzi\u0142em ci\u0105gle do tego samego wniosku &#8211; mierzenie cz\u0142owieka na podstawie liczby, w jakiej pojawia si\u0119 jego nazwisko w encyklopedii lub w mediach, jest powierzchowne i z\u0142udne. Intelekt jednak swoj\u0105 drog\u0105 idzie, cz\u0119sto inn\u0105 ni\u017c emocje i pragnienia.<\/p>\n<p>Chcia\u0142bym unikn\u0105\u0107 \u015bmieszno\u015bci, kt\u00f3ra spotyka osoby o wybuja\u0142ym mniemaniu o sobie. To jedna z najbardziej \u017ca\u0142osnych rzeczy, kt\u00f3ra mo\u017ce spotka\u0107 cz\u0142owieka.<\/p>\n<p>Na koniec, by odetchn\u0105\u0107 od g\u00f3rnolotnych rozwa\u017ca\u0144 &#8211; zdj\u0119cie zrobione dzisiaj, w jednym z krakowskich urz\u0119d\u00f3w. Czy\u017c nie urocze?<\/p>\n<p><img fetchpriority=\"high\" decoding=\"async\" src=\"wp-content\/uploads\/2019\/03\/_F1A9325.jpg\" alt=\"Humor, fot. Piotr Kubic\" width=\"333\" height=\"500\" \/>&#65279;<\/p>\n","protected":false},"excerpt":{"rendered":"<p>Moje dotychczasowe &#8230;<\/p>\n","protected":false},"author":1,"featured_media":0,"comment_status":"open","ping_status":"open","sticky":false,"template":"","format":"standard","meta":{"footnotes":""},"categories":[50],"tags":[435],"_links":{"self":[{"href":"http:\/\/niecodziennosc.kubic.info\/index.php?rest_route=\/wp\/v2\/posts\/7549"}],"collection":[{"href":"http:\/\/niecodziennosc.kubic.info\/index.php?rest_route=\/wp\/v2\/posts"}],"about":[{"href":"http:\/\/niecodziennosc.kubic.info\/index.php?rest_route=\/wp\/v2\/types\/post"}],"author":[{"embeddable":true,"href":"http:\/\/niecodziennosc.kubic.info\/index.php?rest_route=\/wp\/v2\/users\/1"}],"replies":[{"embeddable":true,"href":"http:\/\/niecodziennosc.kubic.info\/index.php?rest_route=%2Fwp%2Fv2%2Fcomments&post=7549"}],"version-history":[{"count":0,"href":"http:\/\/niecodziennosc.kubic.info\/index.php?rest_route=\/wp\/v2\/posts\/7549\/revisions"}],"wp:attachment":[{"href":"http:\/\/niecodziennosc.kubic.info\/index.php?rest_route=%2Fwp%2Fv2%2Fmedia&parent=7549"}],"wp:term":[{"taxonomy":"category","embeddable":true,"href":"http:\/\/niecodziennosc.kubic.info\/index.php?rest_route=%2Fwp%2Fv2%2Fcategories&post=7549"},{"taxonomy":"post_tag","embeddable":true,"href":"http:\/\/niecodziennosc.kubic.info\/index.php?rest_route=%2Fwp%2Fv2%2Ftags&post=7549"}],"curies":[{"name":"wp","href":"https:\/\/api.w.org\/{rel}","templated":true}]}}