{"id":7550,"date":"2014-03-02T00:49:56","date_gmt":"2014-03-01T23:49:56","guid":{"rendered":"http:\/\/niecodziennosc.kubic.info\/index.php\/2014\/03\/02\/stok-porastaja-geste-trawy\/"},"modified":"2014-03-02T00:49:56","modified_gmt":"2014-03-01T23:49:56","slug":"stok-porastaja-geste-trawy","status":"publish","type":"post","link":"http:\/\/niecodziennosc.kubic.info\/?p=7550","title":{"rendered":"Stok porastaj\u0105 g\u0119ste trawy"},"content":{"rendered":"<p><img fetchpriority=\"high\" decoding=\"async\" title=\"Impresja osiedla zapadaj\u0105cym zmrokiem\" src=\"wp-content\/uploads\/2019\/03\/untitled00022.jpg\" alt=\"Osiedle Sikorskiego, fot. Piotr Kubic\" width=\"500\" height=\"333\" \/><\/p>\n<p>Stok porastaj\u0105 g\u0119ste trawy. Tak naprawd\u0119 &#8211; nie porastaj\u0105, tylko stercz\u0105 te, kt\u00f3re wyros\u0142y ostatniego roku, od wiosny do jesieni. Bo teraz jest zima. Stok opada stromo od osiedla a\u017c do p\u0142yn\u0105cej rzeczki, nad kt\u00f3r\u0105, na przestrzeni dziesi\u0119cioleci, usadowi\u0142y si\u0119 rz\u0119dem domki jednorodzinne. Budowane w r\u00f3\u017cnych okresach czasu stanowi\u0105 teraz przekr\u00f3j budownictwa Polski Ludowej. Kto\u015b m\u00f3g\u0142by zazdro\u015bci\u0107 mieszkania we w\u0142asnym domu, lecz mo\u017ce nie zazdro\u015bci\u0142by, gdyby zobaczy\u0142 ostatni domek w rz\u0119dzie. Ten, obok kt\u00f3rego schodzi stroma \u015bcie\u017cka, kt\u00f3r\u0105 skracaj\u0105 sobie drog\u0119 spiesz\u0105cy na dworzec podr\u00f3\u017cni.<\/p>\n<p>Ale to nie podr\u00f3\u017cni wydeptuj\u0105 t\u0119 \u015bcie\u017ck\u0119. Od czasu, kiedy przejazdy kolejn\u0105 przesta\u0142y si\u0119 op\u0142aca\u0107, a poci\u0105gi sp\u00f3\u017aniaj\u0105 si\u0119 bardziej, ni\u017c przed dwudziestu laty, przebudowany niedawno peron na stacji w ma\u0142ym miasteczku \u015bwieci raczej ludzkimi pustkami. Kto wi\u0119c t\u0119dy chodzi &#8211; to pozostaje niewiadome. Mo\u017ce gdyby przesiedzie\u0107 jeden, zwyk\u0142y dzie\u0144, przy mostku bez balustrad, trzy metry nad wodnym nurtem, z widokiem na skarp\u0119 i rw\u0105c\u0105 si\u0119 na stromi\u017anie \u015bcie\u017ck\u0119&#8230;?<\/p>\n<p>Przesiedzie\u0107 i nie robi\u0107 nic. Bez smartfona, laptopa. Mo\u017ce przynajmniej przy lekkim wietrze, kt\u00f3ry rusza\u0142by koronami drzew i ga\u0142\u0105zkami krzew\u00f3w, by\u0142oby na czym oko zatrzyma\u0107. R\u00f3wnolegle do rzeczki ci\u0105gnie si\u0119 brukowana ulica, na kt\u00f3rej grzechocz\u0105 opony przeje\u017cd\u017caj\u0105cych rzadko samochod\u00f3w. Po drugiej jej stronie &#8211; zn\u00f3w krzewy, kt\u00f3rych nikt nigdy nie przycina, czyli po prostu krzaki. Zarastaj\u0105 nieu\u017cywane od dawna du\u017ce, szerokie, dzielone betonowymi przegrodami boksy, przylegaj\u0105ce do nasypu kolejowego, na kt\u00f3rym kiedy\u015b stawa\u0142y w\u0119glarki i uchylaj\u0105c d\u0142ugie boki, wypuszcza\u0142y z siebie stosy czarnego w\u0119gla lub mia\u0142u. Przed boksami stawa\u0142y furmanki, rozwo\u017c\u0105ce opa\u0142 do miasteczka i okolic.<\/p>\n<p>Tymczasem na pag\u00f3rku niknie zachodz\u0105ce s\u0142o\u0144ce, w oknach ma\u0142omiasteczkowego blokowiska. Pusto tutaj. Mi\u0119dzy blokami ch\u0142opczyk wyprowadza psa na spacer, a na \u0142awce pod trzeci\u0105 klatk\u0105 przysiad\u0142 Edziu, znany na osiedlu z szerokiego kapelusza z rondem. Siedzi po wschodniej stronie bloku i nie widzi, \u017ce na zachodzie, chowaj\u0105ce si\u0119 s\u0142o\u0144ce pod\u015bwietla granatowo-liliowe chmury, warstwami rozci\u0105gaj\u0105ce si\u0119 na p\u00f3\u0142 nieba.<\/p>\n<p><img decoding=\"async\" title=\"Osiedle wieczorem, fot. Piotr Kubic\" src=\"wp-content\/uploads\/2019\/03\/Miechow0008.jpg\" alt=\"Osiedle wieczorem, fot. Piotr Kubic\" width=\"500\" height=\"333\" \/><\/p>\n","protected":false},"excerpt":{"rendered":"<p><img title=\"Impresja ...\n<\/p>\n","protected":false},"author":1,"featured_media":0,"comment_status":"open","ping_status":"open","sticky":false,"template":"","format":"standard","meta":{"footnotes":""},"categories":[27],"tags":[413,558,865,882,870,887],"_links":{"self":[{"href":"http:\/\/niecodziennosc.kubic.info\/index.php?rest_route=\/wp\/v2\/posts\/7550"}],"collection":[{"href":"http:\/\/niecodziennosc.kubic.info\/index.php?rest_route=\/wp\/v2\/posts"}],"about":[{"href":"http:\/\/niecodziennosc.kubic.info\/index.php?rest_route=\/wp\/v2\/types\/post"}],"author":[{"embeddable":true,"href":"http:\/\/niecodziennosc.kubic.info\/index.php?rest_route=\/wp\/v2\/users\/1"}],"replies":[{"embeddable":true,"href":"http:\/\/niecodziennosc.kubic.info\/index.php?rest_route=%2Fwp%2Fv2%2Fcomments&post=7550"}],"version-history":[{"count":0,"href":"http:\/\/niecodziennosc.kubic.info\/index.php?rest_route=\/wp\/v2\/posts\/7550\/revisions"}],"wp:attachment":[{"href":"http:\/\/niecodziennosc.kubic.info\/index.php?rest_route=%2Fwp%2Fv2%2Fmedia&parent=7550"}],"wp:term":[{"taxonomy":"category","embeddable":true,"href":"http:\/\/niecodziennosc.kubic.info\/index.php?rest_route=%2Fwp%2Fv2%2Fcategories&post=7550"},{"taxonomy":"post_tag","embeddable":true,"href":"http:\/\/niecodziennosc.kubic.info\/index.php?rest_route=%2Fwp%2Fv2%2Ftags&post=7550"}],"curies":[{"name":"wp","href":"https:\/\/api.w.org\/{rel}","templated":true}]}}