{"id":7553,"date":"2014-02-22T00:09:11","date_gmt":"2014-02-21T23:09:11","guid":{"rendered":"http:\/\/niecodziennosc.kubic.info\/index.php\/2014\/02\/22\/kobieta-wiesiek\/"},"modified":"2019-05-05T01:42:12","modified_gmt":"2019-05-04T23:42:12","slug":"kobieta-wiesiek","status":"publish","type":"post","link":"http:\/\/niecodziennosc.kubic.info\/?p=7553","title":{"rendered":"Kobieta (Wiesiek)"},"content":{"rendered":"<p>Wiesiek przyszed\u0142 na chwil\u0119. Powiedzia\u0142 mi, \u017ce zagl\u0105da\u0142 na blog <a href=\"http:\/\/pk.blox.pl\/html\">Moja nie-codzienno\u015b\u0107<\/a> i \u017ce zauwa\u017cy\u0142, \u017ce temat &#8222;kobieta&#8221; (znajduj\u0105cy si\u0119 na li\u015bcie tag\u00f3w po lewej stronie blogu) przesuwa si\u0119 na dalsze pozycje.<\/p>\n<p>Popatrzy\u0142em na Wie\u015bka nie b\u0119d\u0105c pewien, co chce przez to powiedzie\u0107. Czy\u017cby przyszed\u0142 sprawdzi\u0107, czy ze mn\u0105 wszystko w porz\u0105dku?<\/p>\n<p>&#8211; Wiesiek, mo\u017ce po prostu powa\u017cniej\u0119. Wreszcie. Maj\u0105c tyle lat nale\u017ca\u0142oby. <br \/>&#8211; Rozumiem, \u017ce mo\u017cesz powa\u017cnie\u0107, ale mimo wszystko nie spodziewa\u0142bym si\u0119, \u017ce temat &#8222;K&#8221; kiedykolwiek b\u0119dzie ci\u0119 mniej interesowa\u0142. To nie kwestia wieku. <br \/>&#8211; Wi\u0119c czego, twoim zdaniem?<br \/>&#8211; W\u0142a\u015bnie nie wiem i to mnie zastanawia.<\/p>\n<p>Nie zwierzam si\u0119 Wie\u015bkowi z moich aktualnych zainteresowa\u0144, na pewno nie ze wszystkich. W sumie to on dra\u017cni si\u0119 ze mn\u0105. Znamy si\u0119 jak \u0142yse konie i Wiesiek dobrze wie, a nawet je\u015bli nie wie, to \u015bwietnie przeczuwa.<\/p>\n<p>&#8211; S\u0142uchaj, podejrzewam, \u017ce nie piszesz o kobietach, bo masz przesyt.<\/p>\n<p>Powiod\u0142em wzrokiem po p\u00f3\u0142ce z ksi\u0105\u017ckami, jakbym czego\u015b szuka\u0142.<\/p>\n<p>&#8211; Osi\u0105gn\u0105\u0142e\u015b pewn\u0105 stabilizacj\u0119, i st\u0105d brak potrzeby poruszania tego tematu na blogu.<\/p>\n<p>Wydawa\u0142o mi si\u0119, \u017ce na drugiej p\u00f3\u0142ce od do\u0142u by\u0142a ksi\u0105\u017cka w \u017c\u00f3\u0142tej oprawie. Sam nie wiedzia\u0142em jeszcze przed chwil\u0105, \u017ce b\u0119d\u0119 jej teraz szuka\u0142 wzrokiem tak usilnie. Dzi\u0119ki temu nie musia\u0142em patrze\u0107 na Wie\u015bka.<\/p>\n<p>&#8211; Wiesz, \u017ce cz\u0142owiek przestaje o czym\u015b m\u00f3wi\u0107 niekoniecznie wtedy, kiedy to co\u015b go w og\u00f3le nie interesuje, tylko kiedy znalaz\u0142 realizacj\u0119 swoich pragnie\u0144.<\/p>\n<p>Musia\u0142em co\u015b odpowiedzie\u0107 Wie\u015bkowi, bo najwyra\u017aniej brn\u0105\u0142 coraz dalej w abstrakcj\u0119 rozwa\u017ca\u0144. Najskuteczniejszy okaza\u0142 si\u0119 najprostszy spos\u00f3b:<\/p>\n<p>&#8211; Wiesiek, co by\u015b powiedzia\u0142 na piwo?<br \/>&#8211; No mo\u017ce tak &#8211; powiedzia\u0142 Wiesiek cedz\u0105c ka\u017cd\u0105 sylab\u0119.<\/p>\n<p>Nagle zacz\u0105\u0142em si\u0119 ba\u0107, \u017ce Wiesiek po kilku \u0142ykach stanie si\u0119 jeszcze bardziej rozmowny. Lecz intuicja tym razem mnie nie zawiod\u0142a. Wiesiek, opr\u00f3\u017cniwszy butelk\u0119 do po\u0142owy, zwiesi\u0142 r\u0119k\u0119, w kt\u00f3rej trzyma\u0142 szk\u0142o, na oparciu fotela, i zapatrzony gdzie\u015b (sam nie wiem gdzie, przecie\u017c za ciemnym oknem nic nie by\u0142o wida\u0107, a telewizora nie mam), zamy\u015bli\u0142 si\u0119 rozlegle, oddychaj\u0105c spokojnie. I ledwo zauwa\u017calnie kiwa\u0142 g\u0142ow\u0105, jakby ze zrozumieniem.<\/p>\n<p><img fetchpriority=\"high\" decoding=\"async\" title=\"obraz\" src=\"wp-content\/uploads\/2019\/03\/Tymbark0024.jpg\" alt=\"\" width=\"333\" height=\"500\" \/><br \/><span style=\"font-size: x-small;\">Grafika niewiadomego mi autora, znajduj\u0105ca si\u0119 w jadalni internatu w Tymbarku.<\/span><\/p>\n","protected":false},"excerpt":{"rendered":"<p>Wiesiek przyszed\u0142 na &#8230;<\/p>\n","protected":false},"author":1,"featured_media":0,"comment_status":"open","ping_status":"open","sticky":false,"template":"","format":"standard","meta":{"footnotes":""},"categories":[50,909],"tags":[590,38,224],"_links":{"self":[{"href":"http:\/\/niecodziennosc.kubic.info\/index.php?rest_route=\/wp\/v2\/posts\/7553"}],"collection":[{"href":"http:\/\/niecodziennosc.kubic.info\/index.php?rest_route=\/wp\/v2\/posts"}],"about":[{"href":"http:\/\/niecodziennosc.kubic.info\/index.php?rest_route=\/wp\/v2\/types\/post"}],"author":[{"embeddable":true,"href":"http:\/\/niecodziennosc.kubic.info\/index.php?rest_route=\/wp\/v2\/users\/1"}],"replies":[{"embeddable":true,"href":"http:\/\/niecodziennosc.kubic.info\/index.php?rest_route=%2Fwp%2Fv2%2Fcomments&post=7553"}],"version-history":[{"count":1,"href":"http:\/\/niecodziennosc.kubic.info\/index.php?rest_route=\/wp\/v2\/posts\/7553\/revisions"}],"predecessor-version":[{"id":8986,"href":"http:\/\/niecodziennosc.kubic.info\/index.php?rest_route=\/wp\/v2\/posts\/7553\/revisions\/8986"}],"wp:attachment":[{"href":"http:\/\/niecodziennosc.kubic.info\/index.php?rest_route=%2Fwp%2Fv2%2Fmedia&parent=7553"}],"wp:term":[{"taxonomy":"category","embeddable":true,"href":"http:\/\/niecodziennosc.kubic.info\/index.php?rest_route=%2Fwp%2Fv2%2Fcategories&post=7553"},{"taxonomy":"post_tag","embeddable":true,"href":"http:\/\/niecodziennosc.kubic.info\/index.php?rest_route=%2Fwp%2Fv2%2Ftags&post=7553"}],"curies":[{"name":"wp","href":"https:\/\/api.w.org\/{rel}","templated":true}]}}